
{"id":722,"date":"2010-09-30T13:30:17","date_gmt":"2010-09-30T16:30:17","guid":{"rendered":"http:\/\/sudoestehoje.tempsite.ws\/novoportal\/?p=722"},"modified":"2010-09-30T19:22:19","modified_gmt":"2010-09-30T22:22:19","slug":"tde-decide-que-jose-raimundo-e-ficha-limpa","status":"publish","type":"post","link":"https:\/\/www.sudoestehoje.com.br\/novoportal\/2010\/09\/30\/tde-decide-que-jose-raimundo-e-ficha-limpa\/","title":{"rendered":"TSE DECIDE QUE JOS\u00c9 RAIMUNDO \u00c9 &#8216;FICHA LIMPA&#8217;"},"content":{"rendered":"<p style=\"text-align: center;\"><img decoding=\"async\" class=\"aligncenter\" src=\"http:\/\/a0.twimg.com\/profile_images\/1079396532\/ze_twitter_bigger.jpg\" alt=\"\" \/><\/p>\n<p style=\"text-align: center;\">JOS\u00c9 RAIMUNDO \u00c9 CANDIDATO A DEPUTADO ESTADUAL PELO PT<\/p>\n<p>O candidato a deputado estadual Jos\u00e9 Raimundo Fontes (PT) obteve uma vit\u00f3ria importante faltando poucos dias para as elei\u00e7\u00f5es. Com o nome inclu\u00eddo na lista dos fichas sujas da Bahia, Fontes, que j\u00e1 foi prefeito de Vit\u00f3ria da Conquista, j\u00e1 tinha se livrado no Tribunal Regional Eleitoral da Bahia (TRE-BA) de acusa\u00e7\u00f5es feitas pelo Minist\u00e9rio P\u00fablico da Bahia (MP-BA). Nesta quarta-feira (29), o Tribunal Superior Eleitoral (TSE) tamb\u00e9m emitiu parecer favor\u00e1vel \u00e0 candidatura do petista. O advogado Celso Castro, um dos mais importantes especialistas na \u00e1rea do direito eleitoral, que defendeu o candidato nos dois casos, salientou: \u201cganhamos nos TRE e no TSE por unanimidade. Agora, a candidatura est\u00e1 mantida definitivamente\u201d. BN<\/p>\n","protected":false},"excerpt":{"rendered":"<p>JOS\u00c9 RAIMUNDO \u00c9 CANDIDATO A DEPUTADO ESTADUAL PELO PT O candidato a deputado estadual Jos\u00e9 Raimundo Fontes (PT) obteve uma vit\u00f3ria importante faltando poucos dias para as elei\u00e7\u00f5es. Com o nome inclu\u00eddo na lista dos fichas sujas da Bahia, Fontes, que j\u00e1 foi prefeito de Vit\u00f3ria da Conquista, j\u00e1 tinha se livrado no Tribunal Regional [&hellip;]<\/p>\n","protected":false},"author":2,"featured_media":0,"comment_status":"open","ping_status":"open","sticky":false,"template":"","format":"standard","meta":{"footnotes":"","_links_to":"","_links_to_target":""},"categories":[1],"tags":[],"class_list":["post-722","post","type-post","status-publish","format-standard","hentry","category-geral"],"views":1712,"_links":{"self":[{"href":"https:\/\/www.sudoestehoje.com.br\/novoportal\/wp-json\/wp\/v2\/posts\/722","targetHints":{"allow":["GET"]}}],"collection":[{"href":"https:\/\/www.sudoestehoje.com.br\/novoportal\/wp-json\/wp\/v2\/posts"}],"about":[{"href":"https:\/\/www.sudoestehoje.com.br\/novoportal\/wp-json\/wp\/v2\/types\/post"}],"author":[{"embeddable":true,"href":"https:\/\/www.sudoestehoje.com.br\/novoportal\/wp-json\/wp\/v2\/users\/2"}],"replies":[{"embeddable":true,"href":"https:\/\/www.sudoestehoje.com.br\/novoportal\/wp-json\/wp\/v2\/comments?post=722"}],"version-history":[{"count":4,"href":"https:\/\/www.sudoestehoje.com.br\/novoportal\/wp-json\/wp\/v2\/posts\/722\/revisions"}],"predecessor-version":[{"id":725,"href":"https:\/\/www.sudoestehoje.com.br\/novoportal\/wp-json\/wp\/v2\/posts\/722\/revisions\/725"}],"wp:attachment":[{"href":"https:\/\/www.sudoestehoje.com.br\/novoportal\/wp-json\/wp\/v2\/media?parent=722"}],"wp:term":[{"taxonomy":"category","embeddable":true,"href":"https:\/\/www.sudoestehoje.com.br\/novoportal\/wp-json\/wp\/v2\/categories?post=722"},{"taxonomy":"post_tag","embeddable":true,"href":"https:\/\/www.sudoestehoje.com.br\/novoportal\/wp-json\/wp\/v2\/tags?post=722"}],"curies":[{"name":"wp","href":"https:\/\/api.w.org\/{rel}","templated":true}]}}