
{"id":72147,"date":"2018-05-16T12:28:00","date_gmt":"2018-05-16T15:28:00","guid":{"rendered":"http:\/\/www.sudoestehoje.com.br\/novoportal\/?p=72147"},"modified":"2018-05-16T12:28:00","modified_gmt":"2018-05-16T15:28:00","slug":"deputado-pedro-tavares-visita-exposicao-de-itapetinga-neste-final-de-semana","status":"publish","type":"post","link":"https:\/\/www.sudoestehoje.com.br\/novoportal\/2018\/05\/16\/deputado-pedro-tavares-visita-exposicao-de-itapetinga-neste-final-de-semana\/","title":{"rendered":"DEPUTADO PEDRO TAVARES VISITA EXPOSI\u00c7\u00c3O DE ITAPETINGA NESTE FINAL DE SEMANA"},"content":{"rendered":"<p><a href=\"http:\/\/www.sudoestehoje.com.br\/novoportal\/wp-content\/uploads\/2018\/05\/pedro-tav.jpg\"><img loading=\"lazy\" decoding=\"async\" class=\"aligncenter size-medium wp-image-72148\" src=\"http:\/\/www.sudoestehoje.com.br\/novoportal\/wp-content\/uploads\/2018\/05\/pedro-tav-500x331.jpg\" alt=\"\" width=\"500\" height=\"331\" \/><\/a><\/p>\n<p>Durante a realiza\u00e7\u00e3o da 48\u00aa Exposi\u00e7\u00e3o Agropecu\u00e1ria de Itapetinga, est\u00e1 previsto o comparecimento de in\u00fameras autoridades, dentre eles o deputado estadual Pedro Tavares (DEM), que acompanhar\u00e1 a comitiva do pr\u00e9-candidato ao governo da Bahia, Jos\u00e9 Ronaldo.<\/p>\n<p>Em contato com a assessoria do deputado, o blog foi informado que Pedro Tavares vir\u00e1 ao munic\u00edpio na pr\u00f3xima quinta, permanecendo na regi\u00e3o at\u00e9 o domingo, quando se encerra a maior festa da pecu\u00e1ria do interior do Nordeste.<\/p>\n<p>Em Itapetinga, o deputado participar\u00e1, ao lado do prefeito Rodrigo Hagge, da inaugura\u00e7\u00e3o do Centro Municipal de Fisioterapia e visitas a alguns pontos da cidade, para acompanhar o andamento de diversas obras no munic\u00edpio.<\/p>\n<p><strong><em>Reda\u00e7\u00e3o<\/em><\/strong><\/p>\n","protected":false},"excerpt":{"rendered":"<p>Durante a realiza\u00e7\u00e3o da 48\u00aa Exposi\u00e7\u00e3o Agropecu\u00e1ria de Itapetinga, est\u00e1 previsto o comparecimento de in\u00fameras autoridades, dentre eles o deputado estadual Pedro Tavares (DEM), que acompanhar\u00e1 a comitiva do pr\u00e9-candidato ao governo da Bahia, Jos\u00e9 Ronaldo. Em contato com a assessoria do deputado, o blog foi informado que Pedro Tavares vir\u00e1 ao munic\u00edpio na pr\u00f3xima [&hellip;]<\/p>\n","protected":false},"author":2,"featured_media":72148,"comment_status":"open","ping_status":"open","sticky":false,"template":"","format":"standard","meta":{"footnotes":"","_links_to":"","_links_to_target":""},"categories":[1],"tags":[],"class_list":["post-72147","post","type-post","status-publish","format-standard","has-post-thumbnail","hentry","category-geral"],"views":1269,"_links":{"self":[{"href":"https:\/\/www.sudoestehoje.com.br\/novoportal\/wp-json\/wp\/v2\/posts\/72147","targetHints":{"allow":["GET"]}}],"collection":[{"href":"https:\/\/www.sudoestehoje.com.br\/novoportal\/wp-json\/wp\/v2\/posts"}],"about":[{"href":"https:\/\/www.sudoestehoje.com.br\/novoportal\/wp-json\/wp\/v2\/types\/post"}],"author":[{"embeddable":true,"href":"https:\/\/www.sudoestehoje.com.br\/novoportal\/wp-json\/wp\/v2\/users\/2"}],"replies":[{"embeddable":true,"href":"https:\/\/www.sudoestehoje.com.br\/novoportal\/wp-json\/wp\/v2\/comments?post=72147"}],"version-history":[{"count":1,"href":"https:\/\/www.sudoestehoje.com.br\/novoportal\/wp-json\/wp\/v2\/posts\/72147\/revisions"}],"predecessor-version":[{"id":72149,"href":"https:\/\/www.sudoestehoje.com.br\/novoportal\/wp-json\/wp\/v2\/posts\/72147\/revisions\/72149"}],"wp:featuredmedia":[{"embeddable":true,"href":"https:\/\/www.sudoestehoje.com.br\/novoportal\/wp-json\/wp\/v2\/media\/72148"}],"wp:attachment":[{"href":"https:\/\/www.sudoestehoje.com.br\/novoportal\/wp-json\/wp\/v2\/media?parent=72147"}],"wp:term":[{"taxonomy":"category","embeddable":true,"href":"https:\/\/www.sudoestehoje.com.br\/novoportal\/wp-json\/wp\/v2\/categories?post=72147"},{"taxonomy":"post_tag","embeddable":true,"href":"https:\/\/www.sudoestehoje.com.br\/novoportal\/wp-json\/wp\/v2\/tags?post=72147"}],"curies":[{"name":"wp","href":"https:\/\/api.w.org\/{rel}","templated":true}]}}