
{"id":72109,"date":"2018-05-15T19:33:06","date_gmt":"2018-05-15T22:33:06","guid":{"rendered":"http:\/\/www.sudoestehoje.com.br\/novoportal\/?p=72109"},"modified":"2018-05-15T19:33:06","modified_gmt":"2018-05-15T22:33:06","slug":"itapetinga-prefeitura-inaugura-nova-clinica-de-fisioterapia-nesta-sexta","status":"publish","type":"post","link":"https:\/\/www.sudoestehoje.com.br\/novoportal\/2018\/05\/15\/itapetinga-prefeitura-inaugura-nova-clinica-de-fisioterapia-nesta-sexta\/","title":{"rendered":"ITAPETINGA: PREFEITURA INAUGURA NOVA CL\u00cdNICA DE FISIOTERAPIA NESTA SEXTA"},"content":{"rendered":"<p><a href=\"http:\/\/www.sudoestehoje.com.br\/novoportal\/wp-content\/uploads\/2018\/05\/CMF.jpg\"><img loading=\"lazy\" decoding=\"async\" class=\"aligncenter size-medium wp-image-72110\" src=\"http:\/\/www.sudoestehoje.com.br\/novoportal\/wp-content\/uploads\/2018\/05\/CMF-500x281.jpg\" alt=\"\" width=\"500\" height=\"281\" srcset=\"https:\/\/www.sudoestehoje.com.br\/novoportal\/wp-content\/uploads\/2018\/05\/CMF-500x281.jpg 500w, https:\/\/www.sudoestehoje.com.br\/novoportal\/wp-content\/uploads\/2018\/05\/CMF-768x432.jpg 768w, https:\/\/www.sudoestehoje.com.br\/novoportal\/wp-content\/uploads\/2018\/05\/CMF-700x394.jpg 700w, https:\/\/www.sudoestehoje.com.br\/novoportal\/wp-content\/uploads\/2018\/05\/CMF.jpg 960w\" sizes=\"auto, (max-width: 500px) 100vw, 500px\" \/><\/a><\/p>\n<p>Na pr\u00f3xima sexta-feira (18), o prefeito Rodrigo Hagge e o secret\u00e1rio de sa\u00fade Danilo Pat\u00eas entregam o novo Centro Municipal de Fisioterapia, que ser\u00e1 inaugurado \u00e0s 10h, na Rua Pomp\u00edlio Espinheira, onde funcionava a sede da Guarda Municipal.<\/p>\n<p>A nova sede do Centro de Fisioterapia foi completamente equipada com tecnologia de ponta, para atender uma demanda crescente que precisa de suporte em reabilita\u00e7\u00e3o.<\/p>\n<p>Ser\u00e3o novos tratamentos oferecidos na pr\u00f3pria cl\u00ednica e ao paciente domiciliar, com toda estrutura profissional para reabilita\u00e7\u00e3o destes pacientes.\u00a0 Mais um avan\u00e7o da Sa\u00fade em nosso munic\u00edpio, sendo entregue para a popula\u00e7\u00e3o.<\/p>\n","protected":false},"excerpt":{"rendered":"<p>Na pr\u00f3xima sexta-feira (18), o prefeito Rodrigo Hagge e o secret\u00e1rio de sa\u00fade Danilo Pat\u00eas entregam o novo Centro Municipal de Fisioterapia, que ser\u00e1 inaugurado \u00e0s 10h, na Rua Pomp\u00edlio Espinheira, onde funcionava a sede da Guarda Municipal. A nova sede do Centro de Fisioterapia foi completamente equipada com tecnologia de ponta, para atender uma [&hellip;]<\/p>\n","protected":false},"author":2,"featured_media":72110,"comment_status":"open","ping_status":"open","sticky":false,"template":"","format":"standard","meta":{"footnotes":"","_links_to":"","_links_to_target":""},"categories":[1],"tags":[],"class_list":["post-72109","post","type-post","status-publish","format-standard","has-post-thumbnail","hentry","category-geral"],"views":1867,"_links":{"self":[{"href":"https:\/\/www.sudoestehoje.com.br\/novoportal\/wp-json\/wp\/v2\/posts\/72109","targetHints":{"allow":["GET"]}}],"collection":[{"href":"https:\/\/www.sudoestehoje.com.br\/novoportal\/wp-json\/wp\/v2\/posts"}],"about":[{"href":"https:\/\/www.sudoestehoje.com.br\/novoportal\/wp-json\/wp\/v2\/types\/post"}],"author":[{"embeddable":true,"href":"https:\/\/www.sudoestehoje.com.br\/novoportal\/wp-json\/wp\/v2\/users\/2"}],"replies":[{"embeddable":true,"href":"https:\/\/www.sudoestehoje.com.br\/novoportal\/wp-json\/wp\/v2\/comments?post=72109"}],"version-history":[{"count":2,"href":"https:\/\/www.sudoestehoje.com.br\/novoportal\/wp-json\/wp\/v2\/posts\/72109\/revisions"}],"predecessor-version":[{"id":72112,"href":"https:\/\/www.sudoestehoje.com.br\/novoportal\/wp-json\/wp\/v2\/posts\/72109\/revisions\/72112"}],"wp:featuredmedia":[{"embeddable":true,"href":"https:\/\/www.sudoestehoje.com.br\/novoportal\/wp-json\/wp\/v2\/media\/72110"}],"wp:attachment":[{"href":"https:\/\/www.sudoestehoje.com.br\/novoportal\/wp-json\/wp\/v2\/media?parent=72109"}],"wp:term":[{"taxonomy":"category","embeddable":true,"href":"https:\/\/www.sudoestehoje.com.br\/novoportal\/wp-json\/wp\/v2\/categories?post=72109"},{"taxonomy":"post_tag","embeddable":true,"href":"https:\/\/www.sudoestehoje.com.br\/novoportal\/wp-json\/wp\/v2\/tags?post=72109"}],"curies":[{"name":"wp","href":"https:\/\/api.w.org\/{rel}","templated":true}]}}