
{"id":72091,"date":"2018-05-14T19:13:03","date_gmt":"2018-05-14T22:13:03","guid":{"rendered":"http:\/\/www.sudoestehoje.com.br\/novoportal\/?p=72091"},"modified":"2018-05-14T19:52:32","modified_gmt":"2018-05-14T22:52:32","slug":"rui-deve-ganhar-eleicao-no-bico-da-caneta","status":"publish","type":"post","link":"https:\/\/www.sudoestehoje.com.br\/novoportal\/2018\/05\/14\/rui-deve-ganhar-eleicao-no-bico-da-caneta\/","title":{"rendered":"RUI QUER GANHAR ELEI\u00c7\u00c3O NO BICO DA CANETA"},"content":{"rendered":"<p><strong><em>OPINI\u00c3O<\/em><\/strong><\/p>\n<p><a href=\"http:\/\/www.sudoestehoje.com.br\/novoportal\/wp-content\/uploads\/2018\/05\/Rui-Costa-assina....jpg\"><img loading=\"lazy\" decoding=\"async\" class=\"aligncenter size-medium wp-image-72093\" src=\"http:\/\/www.sudoestehoje.com.br\/novoportal\/wp-content\/uploads\/2018\/05\/Rui-Costa-assina...-500x333.jpg\" alt=\"\" width=\"500\" height=\"333\" srcset=\"https:\/\/www.sudoestehoje.com.br\/novoportal\/wp-content\/uploads\/2018\/05\/Rui-Costa-assina...-500x333.jpg 500w, https:\/\/www.sudoestehoje.com.br\/novoportal\/wp-content\/uploads\/2018\/05\/Rui-Costa-assina...-768x512.jpg 768w, https:\/\/www.sudoestehoje.com.br\/novoportal\/wp-content\/uploads\/2018\/05\/Rui-Costa-assina...-700x467.jpg 700w\" sizes=\"auto, (max-width: 500px) 100vw, 500px\" \/><\/a><\/p>\n<p>Tirando o que \u00e9 visto na propaganda oficial, onde o governador Rui Costa sempre aparece com uma caneta na m\u00e3o e uma folha de papel, quase nada de concreto foi feito por esse governo no interior da Bahia.<\/p>\n<p>Rui governa na base do <em>&#8216;autorizo<\/em>&#8216; e &#8216;<em>vou fazer<\/em>&#8216;, por culpa de uma oposi\u00e7\u00e3o incompetente que nunca saiu da capital para ver, documentar e denunciar as falsas promessas do governador, Bahia afora. \u00c9 evidente que Rui fez algumas <em>&#8216;coisinhas&#8217;<\/em> aqui e ali, mas nada que possa qualific\u00e1-lo como um grande governador.<\/p>\n<p>Em Salvador, passou a maior parte do tempo rivalizando com o prefeito ACM Neto, esquecendo que o resto da Bahia vive na rua da amargura, com a viol\u00eancia se alastrando, os empregos sumindo e toda a infraestrutura se deteriorando, por absoluta aus\u00eancia do Estado.<\/p>\n<p>Em rela\u00e7\u00e3o aos prefeitos, Rui adotou a pol\u00edtica do <em>&#8216;adesismo de interesses&#8217;<\/em>, distribuindo migalhas e benesses para um bando de prefeitos e deputados sem coer\u00eancia, pudor e fidelidade partid\u00e1ria, que trocam de lado de acordo com a mar\u00e9, muitas vezes por interesses meramente pessoais.<\/p>\n<p>Como costumam dizer os pr\u00f3prios baianos, <em>&#8220;a Bahia t\u00e1 lascada&#8221;<\/em>, mas para a maioria dos pol\u00edticos do estado, mais importante que consertar o estrago \u00e9 estar do<em> &#8216;lado certo<\/em>&#8216;.<\/p>\n<p>Ent\u00e3o t\u00e1 certo&#8230;<\/p>\n<p><strong><em>Por Davi Ferraz<\/em><\/strong><\/p>\n","protected":false},"excerpt":{"rendered":"<p>OPINI\u00c3O Tirando o que \u00e9 visto na propaganda oficial, onde o governador Rui Costa sempre aparece com uma caneta na m\u00e3o e uma folha de papel, quase nada de concreto foi feito por esse governo no interior da Bahia. Rui governa na base do &#8216;autorizo&#8216; e &#8216;vou fazer&#8216;, por culpa de uma oposi\u00e7\u00e3o incompetente que [&hellip;]<\/p>\n","protected":false},"author":2,"featured_media":72093,"comment_status":"open","ping_status":"open","sticky":false,"template":"","format":"standard","meta":{"footnotes":"","_links_to":"","_links_to_target":""},"categories":[1],"tags":[],"class_list":["post-72091","post","type-post","status-publish","format-standard","has-post-thumbnail","hentry","category-geral"],"views":4532,"_links":{"self":[{"href":"https:\/\/www.sudoestehoje.com.br\/novoportal\/wp-json\/wp\/v2\/posts\/72091","targetHints":{"allow":["GET"]}}],"collection":[{"href":"https:\/\/www.sudoestehoje.com.br\/novoportal\/wp-json\/wp\/v2\/posts"}],"about":[{"href":"https:\/\/www.sudoestehoje.com.br\/novoportal\/wp-json\/wp\/v2\/types\/post"}],"author":[{"embeddable":true,"href":"https:\/\/www.sudoestehoje.com.br\/novoportal\/wp-json\/wp\/v2\/users\/2"}],"replies":[{"embeddable":true,"href":"https:\/\/www.sudoestehoje.com.br\/novoportal\/wp-json\/wp\/v2\/comments?post=72091"}],"version-history":[{"count":7,"href":"https:\/\/www.sudoestehoje.com.br\/novoportal\/wp-json\/wp\/v2\/posts\/72091\/revisions"}],"predecessor-version":[{"id":72099,"href":"https:\/\/www.sudoestehoje.com.br\/novoportal\/wp-json\/wp\/v2\/posts\/72091\/revisions\/72099"}],"wp:featuredmedia":[{"embeddable":true,"href":"https:\/\/www.sudoestehoje.com.br\/novoportal\/wp-json\/wp\/v2\/media\/72093"}],"wp:attachment":[{"href":"https:\/\/www.sudoestehoje.com.br\/novoportal\/wp-json\/wp\/v2\/media?parent=72091"}],"wp:term":[{"taxonomy":"category","embeddable":true,"href":"https:\/\/www.sudoestehoje.com.br\/novoportal\/wp-json\/wp\/v2\/categories?post=72091"},{"taxonomy":"post_tag","embeddable":true,"href":"https:\/\/www.sudoestehoje.com.br\/novoportal\/wp-json\/wp\/v2\/tags?post=72091"}],"curies":[{"name":"wp","href":"https:\/\/api.w.org\/{rel}","templated":true}]}}