
{"id":72071,"date":"2018-05-13T22:21:40","date_gmt":"2018-05-14T01:21:40","guid":{"rendered":"http:\/\/www.sudoestehoje.com.br\/novoportal\/?p=72071"},"modified":"2018-05-13T22:25:54","modified_gmt":"2018-05-14T01:25:54","slug":"macarani-festa-das-maes-e-marcada-por-muita-emocao-e-sorteio-de-premios","status":"publish","type":"post","link":"https:\/\/www.sudoestehoje.com.br\/novoportal\/2018\/05\/13\/macarani-festa-das-maes-e-marcada-por-muita-emocao-e-sorteio-de-premios\/","title":{"rendered":"MACARANI: FESTA DAS M\u00c3ES \u00c9 MARCADA POR MUITA EMO\u00c7\u00c3O E SORTEIO DE PR\u00caMIOS"},"content":{"rendered":"<p><a href=\"http:\/\/www.sudoestehoje.com.br\/novoportal\/wp-content\/uploads\/2018\/05\/mae-10.jpg\"><img loading=\"lazy\" decoding=\"async\" class=\"aligncenter size-medium wp-image-72083\" src=\"http:\/\/www.sudoestehoje.com.br\/novoportal\/wp-content\/uploads\/2018\/05\/mae-10-500x375.jpg\" alt=\"\" width=\"500\" height=\"375\" srcset=\"https:\/\/www.sudoestehoje.com.br\/novoportal\/wp-content\/uploads\/2018\/05\/mae-10-500x375.jpg 500w, https:\/\/www.sudoestehoje.com.br\/novoportal\/wp-content\/uploads\/2018\/05\/mae-10-768x576.jpg 768w, https:\/\/www.sudoestehoje.com.br\/novoportal\/wp-content\/uploads\/2018\/05\/mae-10-700x525.jpg 700w, https:\/\/www.sudoestehoje.com.br\/novoportal\/wp-content\/uploads\/2018\/05\/mae-10.jpg 1600w\" sizes=\"auto, (max-width: 500px) 100vw, 500px\" \/><\/a><\/p>\n<p>Aconteceu em Macarani, na noite deste s\u00e1bado (12), a festa em comemora\u00e7\u00e3o ao Dia das M\u00e3es, realizada pela Secretaria Municipal de Desenvolvimento e A\u00e7\u00e3o Social.\u00a0O evento contou com participa\u00e7\u00e3o de centenas de fam\u00edlias macaranienses para homenagear as m\u00e3es do munic\u00edpio, de forma carinhosa.<\/p>\n<p><a href=\"http:\/\/www.sudoestehoje.com.br\/novoportal\/wp-content\/uploads\/2018\/05\/mae-3.jpg\"><img loading=\"lazy\" decoding=\"async\" class=\"aligncenter size-medium wp-image-72075\" src=\"http:\/\/www.sudoestehoje.com.br\/novoportal\/wp-content\/uploads\/2018\/05\/mae-3-500x375.jpg\" alt=\"\" width=\"500\" height=\"375\" srcset=\"https:\/\/www.sudoestehoje.com.br\/novoportal\/wp-content\/uploads\/2018\/05\/mae-3-500x375.jpg 500w, https:\/\/www.sudoestehoje.com.br\/novoportal\/wp-content\/uploads\/2018\/05\/mae-3-768x576.jpg 768w, https:\/\/www.sudoestehoje.com.br\/novoportal\/wp-content\/uploads\/2018\/05\/mae-3-700x525.jpg 700w, https:\/\/www.sudoestehoje.com.br\/novoportal\/wp-content\/uploads\/2018\/05\/mae-3.jpg 1600w\" sizes=\"auto, (max-width: 500px) 100vw, 500px\" \/><\/a><\/p>\n<p>Na festa foram sorteados 135 brindes, incluindo liquidificador, batedeira, secador de cabelo, ferro el\u00e9trico, cafeteira, panela de press\u00e3o, tanquinho, microondas, sanduicheira el\u00e9trica, dentre outros, doados\u00a0pelo prefeito municipal, vereadores Andr\u00e9 Ferraz, Edmilson Lima, J\u00e1rbio Nascimento, Jorge Motos, Marlon Sousa, Z\u00e9 Paulo e Rob\u00e9rio Rold\u00e3o, al\u00e9m dos deputados Fabr\u00edcio Falc\u00e3o e\u00a0 Z\u00e9 Rocha. O co com\u00e9rcio local e pessoas tamb\u00e9m colaboraram.<\/p>\n<p><a href=\"http:\/\/www.sudoestehoje.com.br\/novoportal\/wp-content\/uploads\/2018\/05\/mae-9.jpg\"><img loading=\"lazy\" decoding=\"async\" class=\"aligncenter size-medium wp-image-72082\" src=\"http:\/\/www.sudoestehoje.com.br\/novoportal\/wp-content\/uploads\/2018\/05\/mae-9-500x375.jpg\" alt=\"\" width=\"500\" height=\"375\" srcset=\"https:\/\/www.sudoestehoje.com.br\/novoportal\/wp-content\/uploads\/2018\/05\/mae-9-500x375.jpg 500w, https:\/\/www.sudoestehoje.com.br\/novoportal\/wp-content\/uploads\/2018\/05\/mae-9-768x576.jpg 768w, https:\/\/www.sudoestehoje.com.br\/novoportal\/wp-content\/uploads\/2018\/05\/mae-9-700x525.jpg 700w, https:\/\/www.sudoestehoje.com.br\/novoportal\/wp-content\/uploads\/2018\/05\/mae-9.jpg 1600w\" sizes=\"auto, (max-width: 500px) 100vw, 500px\" \/><\/a><\/p>\n<p>O Prefeito Dr. Miller Ferraz em seu discurso elogiou todo evento e as pessoas envolvidas, agradecendo ao com\u00e9rcio local e pessoas que doaram os brindes para o sorteio, deixando tamb\u00e9m a sua mensagem do Dia das M\u00e3es, em especial a sua m\u00e3e, presente ao evento.<\/p>\n<p><a href=\"http:\/\/www.sudoestehoje.com.br\/novoportal\/wp-content\/uploads\/2018\/05\/mae-7.jpg\"><img loading=\"lazy\" decoding=\"async\" class=\"aligncenter size-medium wp-image-72080\" src=\"http:\/\/www.sudoestehoje.com.br\/novoportal\/wp-content\/uploads\/2018\/05\/mae-7-500x281.jpg\" alt=\"\" width=\"500\" height=\"281\" srcset=\"https:\/\/www.sudoestehoje.com.br\/novoportal\/wp-content\/uploads\/2018\/05\/mae-7-500x281.jpg 500w, https:\/\/www.sudoestehoje.com.br\/novoportal\/wp-content\/uploads\/2018\/05\/mae-7-768x432.jpg 768w, https:\/\/www.sudoestehoje.com.br\/novoportal\/wp-content\/uploads\/2018\/05\/mae-7-700x394.jpg 700w, https:\/\/www.sudoestehoje.com.br\/novoportal\/wp-content\/uploads\/2018\/05\/mae-7.jpg 1600w\" sizes=\"auto, (max-width: 500px) 100vw, 500px\" \/><\/a><\/p>\n<p>A Secret\u00e1ria Municipal de A\u00e7\u00e3o Social e primeira-dama Emanuelle Sodr\u00e9, externou sua felicidade em ver as m\u00e3es participando da festa feita com carinho para elas, deixando tamb\u00e9m sua mensagem, que relatou a import\u00e2ncia de ser m\u00e3e, homenageando sua m\u00e3e, o que emocionando a todos os presentes.<\/p>\n<p><a href=\"http:\/\/www.sudoestehoje.com.br\/novoportal\/wp-content\/uploads\/2018\/05\/mae-11.jpg\"><img loading=\"lazy\" decoding=\"async\" class=\"aligncenter size-medium wp-image-72084\" src=\"http:\/\/www.sudoestehoje.com.br\/novoportal\/wp-content\/uploads\/2018\/05\/mae-11-500x375.jpg\" alt=\"\" width=\"500\" height=\"375\" srcset=\"https:\/\/www.sudoestehoje.com.br\/novoportal\/wp-content\/uploads\/2018\/05\/mae-11-500x375.jpg 500w, https:\/\/www.sudoestehoje.com.br\/novoportal\/wp-content\/uploads\/2018\/05\/mae-11-768x576.jpg 768w, https:\/\/www.sudoestehoje.com.br\/novoportal\/wp-content\/uploads\/2018\/05\/mae-11-700x525.jpg 700w, https:\/\/www.sudoestehoje.com.br\/novoportal\/wp-content\/uploads\/2018\/05\/mae-11.jpg 1600w\" sizes=\"auto, (max-width: 500px) 100vw, 500px\" \/><\/a><\/p>\n<p>O vice-prefeito Nilton Meira parabenizou a realiza\u00e7\u00e3o da festa, homenageando as m\u00e3es em sua mensagem.\u00a0A festa contribuiu e bateu as expectativas em homenagear as mulheres guerreiras que s\u00e3o m\u00e3es e exemplos de vida. \/\/ <strong><em>Informa\u00e7\u00f5es do blog O Respons\u00e1vel<\/em><\/strong><\/p>\n","protected":false},"excerpt":{"rendered":"<p>Aconteceu em Macarani, na noite deste s\u00e1bado (12), a festa em comemora\u00e7\u00e3o ao Dia das M\u00e3es, realizada pela Secretaria Municipal de Desenvolvimento e A\u00e7\u00e3o Social.\u00a0O evento contou com participa\u00e7\u00e3o de centenas de fam\u00edlias macaranienses para homenagear as m\u00e3es do munic\u00edpio, de forma carinhosa. Na festa foram sorteados 135 brindes, incluindo liquidificador, batedeira, secador de cabelo, [&hellip;]<\/p>\n","protected":false},"author":2,"featured_media":72083,"comment_status":"open","ping_status":"open","sticky":false,"template":"","format":"standard","meta":{"footnotes":"","_links_to":"","_links_to_target":""},"categories":[1],"tags":[],"class_list":["post-72071","post","type-post","status-publish","format-standard","has-post-thumbnail","hentry","category-geral"],"views":1533,"_links":{"self":[{"href":"https:\/\/www.sudoestehoje.com.br\/novoportal\/wp-json\/wp\/v2\/posts\/72071","targetHints":{"allow":["GET"]}}],"collection":[{"href":"https:\/\/www.sudoestehoje.com.br\/novoportal\/wp-json\/wp\/v2\/posts"}],"about":[{"href":"https:\/\/www.sudoestehoje.com.br\/novoportal\/wp-json\/wp\/v2\/types\/post"}],"author":[{"embeddable":true,"href":"https:\/\/www.sudoestehoje.com.br\/novoportal\/wp-json\/wp\/v2\/users\/2"}],"replies":[{"embeddable":true,"href":"https:\/\/www.sudoestehoje.com.br\/novoportal\/wp-json\/wp\/v2\/comments?post=72071"}],"version-history":[{"count":3,"href":"https:\/\/www.sudoestehoje.com.br\/novoportal\/wp-json\/wp\/v2\/posts\/72071\/revisions"}],"predecessor-version":[{"id":72087,"href":"https:\/\/www.sudoestehoje.com.br\/novoportal\/wp-json\/wp\/v2\/posts\/72071\/revisions\/72087"}],"wp:featuredmedia":[{"embeddable":true,"href":"https:\/\/www.sudoestehoje.com.br\/novoportal\/wp-json\/wp\/v2\/media\/72083"}],"wp:attachment":[{"href":"https:\/\/www.sudoestehoje.com.br\/novoportal\/wp-json\/wp\/v2\/media?parent=72071"}],"wp:term":[{"taxonomy":"category","embeddable":true,"href":"https:\/\/www.sudoestehoje.com.br\/novoportal\/wp-json\/wp\/v2\/categories?post=72071"},{"taxonomy":"post_tag","embeddable":true,"href":"https:\/\/www.sudoestehoje.com.br\/novoportal\/wp-json\/wp\/v2\/tags?post=72071"}],"curies":[{"name":"wp","href":"https:\/\/api.w.org\/{rel}","templated":true}]}}