
{"id":72029,"date":"2018-05-14T00:01:27","date_gmt":"2018-05-14T03:01:27","guid":{"rendered":"http:\/\/www.sudoestehoje.com.br\/novoportal\/?p=72029"},"modified":"2018-05-13T20:02:34","modified_gmt":"2018-05-13T23:02:34","slug":"itapetinga-48a-exposicao-comeca-amanha","status":"publish","type":"post","link":"https:\/\/www.sudoestehoje.com.br\/novoportal\/2018\/05\/14\/itapetinga-48a-exposicao-comeca-amanha\/","title":{"rendered":"ITAPETINGA: 48\u00aa EXPOSI\u00c7\u00c3O COME\u00c7A AMANH\u00c3"},"content":{"rendered":"<p><a href=\"http:\/\/www.sudoestehoje.com.br\/novoportal\/wp-content\/uploads\/2018\/05\/expo-amanha.jpg\"><img loading=\"lazy\" decoding=\"async\" class=\"aligncenter size-medium wp-image-72030\" src=\"http:\/\/www.sudoestehoje.com.br\/novoportal\/wp-content\/uploads\/2018\/05\/expo-amanha-500x500.jpg\" alt=\"\" width=\"500\" height=\"500\" srcset=\"https:\/\/www.sudoestehoje.com.br\/novoportal\/wp-content\/uploads\/2018\/05\/expo-amanha-500x500.jpg 500w, https:\/\/www.sudoestehoje.com.br\/novoportal\/wp-content\/uploads\/2018\/05\/expo-amanha-150x150.jpg 150w, https:\/\/www.sudoestehoje.com.br\/novoportal\/wp-content\/uploads\/2018\/05\/expo-amanha-768x768.jpg 768w, https:\/\/www.sudoestehoje.com.br\/novoportal\/wp-content\/uploads\/2018\/05\/expo-amanha-700x700.jpg 700w, https:\/\/www.sudoestehoje.com.br\/novoportal\/wp-content\/uploads\/2018\/05\/expo-amanha.jpg 940w\" sizes=\"auto, (max-width: 500px) 100vw, 500px\" \/><\/a><\/p>\n<p>Come\u00e7a nesta ter\u00e7a-feira (15) a 48\u00aa Exposi\u00e7\u00e3o Agropecu\u00e1ria de Itapetinga, uma das mais tradicionais festas da pecu\u00e1ria do Norte e Nordeste do pa\u00eds.<\/p>\n<p>Conhecida como &#8216;Capital da Pecu\u00e1ria Baiana&#8217;, Itapetinga realiza sua exposi\u00e7\u00e3o h\u00e1 mais de 6 d\u00e9cadas, recebendo produtores de todo o pa\u00eds e mantendo a tradi\u00e7\u00e3o de Itapetinga como cidade l\u00edder de um dos maiores centros produtores de carne e leite da Bahia e do Brasil.<\/p>\n<p>A abertura da 48\u00aa Exposi\u00e7\u00e3o est\u00e1 prevista para as 20h, no Parque de Exposi\u00e7\u00f5es Juvino Oliveira.<\/p>\n<p><strong><em>Reda\u00e7\u00e3o\u00a0<\/em><\/strong><\/p>\n","protected":false},"excerpt":{"rendered":"<p>Come\u00e7a nesta ter\u00e7a-feira (15) a 48\u00aa Exposi\u00e7\u00e3o Agropecu\u00e1ria de Itapetinga, uma das mais tradicionais festas da pecu\u00e1ria do Norte e Nordeste do pa\u00eds. Conhecida como &#8216;Capital da Pecu\u00e1ria Baiana&#8217;, Itapetinga realiza sua exposi\u00e7\u00e3o h\u00e1 mais de 6 d\u00e9cadas, recebendo produtores de todo o pa\u00eds e mantendo a tradi\u00e7\u00e3o de Itapetinga como cidade l\u00edder de um [&hellip;]<\/p>\n","protected":false},"author":2,"featured_media":72030,"comment_status":"open","ping_status":"open","sticky":false,"template":"","format":"standard","meta":{"footnotes":"","_links_to":"","_links_to_target":""},"categories":[1],"tags":[],"class_list":["post-72029","post","type-post","status-publish","format-standard","has-post-thumbnail","hentry","category-geral"],"views":1887,"_links":{"self":[{"href":"https:\/\/www.sudoestehoje.com.br\/novoportal\/wp-json\/wp\/v2\/posts\/72029","targetHints":{"allow":["GET"]}}],"collection":[{"href":"https:\/\/www.sudoestehoje.com.br\/novoportal\/wp-json\/wp\/v2\/posts"}],"about":[{"href":"https:\/\/www.sudoestehoje.com.br\/novoportal\/wp-json\/wp\/v2\/types\/post"}],"author":[{"embeddable":true,"href":"https:\/\/www.sudoestehoje.com.br\/novoportal\/wp-json\/wp\/v2\/users\/2"}],"replies":[{"embeddable":true,"href":"https:\/\/www.sudoestehoje.com.br\/novoportal\/wp-json\/wp\/v2\/comments?post=72029"}],"version-history":[{"count":2,"href":"https:\/\/www.sudoestehoje.com.br\/novoportal\/wp-json\/wp\/v2\/posts\/72029\/revisions"}],"predecessor-version":[{"id":72032,"href":"https:\/\/www.sudoestehoje.com.br\/novoportal\/wp-json\/wp\/v2\/posts\/72029\/revisions\/72032"}],"wp:featuredmedia":[{"embeddable":true,"href":"https:\/\/www.sudoestehoje.com.br\/novoportal\/wp-json\/wp\/v2\/media\/72030"}],"wp:attachment":[{"href":"https:\/\/www.sudoestehoje.com.br\/novoportal\/wp-json\/wp\/v2\/media?parent=72029"}],"wp:term":[{"taxonomy":"category","embeddable":true,"href":"https:\/\/www.sudoestehoje.com.br\/novoportal\/wp-json\/wp\/v2\/categories?post=72029"},{"taxonomy":"post_tag","embeddable":true,"href":"https:\/\/www.sudoestehoje.com.br\/novoportal\/wp-json\/wp\/v2\/tags?post=72029"}],"curies":[{"name":"wp","href":"https:\/\/api.w.org\/{rel}","templated":true}]}}