
{"id":72016,"date":"2018-05-13T12:15:18","date_gmt":"2018-05-13T15:15:18","guid":{"rendered":"http:\/\/www.sudoestehoje.com.br\/novoportal\/?p=72016"},"modified":"2018-05-13T12:15:18","modified_gmt":"2018-05-13T15:15:18","slug":"deputados-comecam-a-pongar-na-recuperacao-da-estrada-de-itarantim-a-maiquinique-que-rui-deve-anunciar","status":"publish","type":"post","link":"https:\/\/www.sudoestehoje.com.br\/novoportal\/2018\/05\/13\/deputados-comecam-a-pongar-na-recuperacao-da-estrada-de-itarantim-a-maiquinique-que-rui-deve-anunciar\/","title":{"rendered":"DEPUTADOS COME\u00c7AM A PONGAR NA RECUPERA\u00c7\u00c3O DA ESTRADA DE ITARANTIM A MAIQUINIQUE QUE RUI DEVE ANUNCIAR"},"content":{"rendered":"<p><a href=\"http:\/\/www.sudoestehoje.com.br\/novoportal\/wp-content\/uploads\/2018\/05\/buraqueira-ba-270.jpg\"><img loading=\"lazy\" decoding=\"async\" class=\"aligncenter size-medium wp-image-72021\" src=\"http:\/\/www.sudoestehoje.com.br\/novoportal\/wp-content\/uploads\/2018\/05\/buraqueira-ba-270-500x310.jpg\" alt=\"\" width=\"500\" height=\"310\" \/><\/a><\/p>\n<p>H\u00e1 mais de 12 anos que a rodovia BA-270, que liga as cidade de Itarantim a Maiquinique e trevo de Macarani, se encontra em p\u00e9ssimas condi\u00e7\u00f5es, recebendo de vez em quando tapa-buracos improvisados e ineficazes, que duram apenas algumas semanas.<\/p>\n<p>Prefeitos e vereadores da regi\u00e3o v\u00eam protestando sozinhos h\u00e1 muitos anos, sem serem ouvidos pelo governo, sob o sil\u00eancio misterioso dos deputados subservientes ao governador, que preferiram n\u00e3o entrar na briga, para n\u00e3o &#8216;queimar o filme&#8217; como o patr\u00e3o.<\/p>\n<p>Agora que Rui resolveu licitar a obra e realizar a recupera\u00e7\u00e3o da esburacada rodovia, tem deputados da base do governo se acotovelando na fila das promessas, para pongar na obra que nem come\u00e7ou, em busca dos minguados votos que esperam receber na regi\u00e3o.<\/p>\n<p>Um bando de oportunistas e cara de pau!<\/p>\n<p><strong><em>Por Davi Ferraz\u00a0 \u00a0<\/em><\/strong><\/p>\n","protected":false},"excerpt":{"rendered":"<p>H\u00e1 mais de 12 anos que a rodovia BA-270, que liga as cidade de Itarantim a Maiquinique e trevo de Macarani, se encontra em p\u00e9ssimas condi\u00e7\u00f5es, recebendo de vez em quando tapa-buracos improvisados e ineficazes, que duram apenas algumas semanas. Prefeitos e vereadores da regi\u00e3o v\u00eam protestando sozinhos h\u00e1 muitos anos, sem serem ouvidos pelo [&hellip;]<\/p>\n","protected":false},"author":2,"featured_media":72021,"comment_status":"open","ping_status":"open","sticky":false,"template":"","format":"standard","meta":{"footnotes":"","_links_to":"","_links_to_target":""},"categories":[1],"tags":[],"class_list":["post-72016","post","type-post","status-publish","format-standard","has-post-thumbnail","hentry","category-geral"],"views":1606,"_links":{"self":[{"href":"https:\/\/www.sudoestehoje.com.br\/novoportal\/wp-json\/wp\/v2\/posts\/72016","targetHints":{"allow":["GET"]}}],"collection":[{"href":"https:\/\/www.sudoestehoje.com.br\/novoportal\/wp-json\/wp\/v2\/posts"}],"about":[{"href":"https:\/\/www.sudoestehoje.com.br\/novoportal\/wp-json\/wp\/v2\/types\/post"}],"author":[{"embeddable":true,"href":"https:\/\/www.sudoestehoje.com.br\/novoportal\/wp-json\/wp\/v2\/users\/2"}],"replies":[{"embeddable":true,"href":"https:\/\/www.sudoestehoje.com.br\/novoportal\/wp-json\/wp\/v2\/comments?post=72016"}],"version-history":[{"count":5,"href":"https:\/\/www.sudoestehoje.com.br\/novoportal\/wp-json\/wp\/v2\/posts\/72016\/revisions"}],"predecessor-version":[{"id":72022,"href":"https:\/\/www.sudoestehoje.com.br\/novoportal\/wp-json\/wp\/v2\/posts\/72016\/revisions\/72022"}],"wp:featuredmedia":[{"embeddable":true,"href":"https:\/\/www.sudoestehoje.com.br\/novoportal\/wp-json\/wp\/v2\/media\/72021"}],"wp:attachment":[{"href":"https:\/\/www.sudoestehoje.com.br\/novoportal\/wp-json\/wp\/v2\/media?parent=72016"}],"wp:term":[{"taxonomy":"category","embeddable":true,"href":"https:\/\/www.sudoestehoje.com.br\/novoportal\/wp-json\/wp\/v2\/categories?post=72016"},{"taxonomy":"post_tag","embeddable":true,"href":"https:\/\/www.sudoestehoje.com.br\/novoportal\/wp-json\/wp\/v2\/tags?post=72016"}],"curies":[{"name":"wp","href":"https:\/\/api.w.org\/{rel}","templated":true}]}}