
{"id":72013,"date":"2018-05-13T11:54:23","date_gmt":"2018-05-13T14:54:23","guid":{"rendered":"http:\/\/www.sudoestehoje.com.br\/novoportal\/?p=72013"},"modified":"2018-05-13T11:54:24","modified_gmt":"2018-05-13T14:54:24","slug":"brasil-deve-adotar-placas-de-veiculos-estilo-mercosul-a-partir-de-dezembro","status":"publish","type":"post","link":"https:\/\/www.sudoestehoje.com.br\/novoportal\/2018\/05\/13\/brasil-deve-adotar-placas-de-veiculos-estilo-mercosul-a-partir-de-dezembro\/","title":{"rendered":"BRASIL DEVE ADOTAR PLACAS DE VE\u00cdCULOS ESTILO MERCOSUL A PARTIR DE DEZEMBRO"},"content":{"rendered":"<p><a href=\"http:\/\/www.sudoestehoje.com.br\/novoportal\/wp-content\/uploads\/2018\/05\/PLACAS.png\"><img loading=\"lazy\" decoding=\"async\" class=\"aligncenter size-medium wp-image-72014\" src=\"http:\/\/www.sudoestehoje.com.br\/novoportal\/wp-content\/uploads\/2018\/05\/PLACAS-500x300.png\" alt=\"\" width=\"500\" height=\"300\" srcset=\"https:\/\/www.sudoestehoje.com.br\/novoportal\/wp-content\/uploads\/2018\/05\/PLACAS-500x300.png 500w, https:\/\/www.sudoestehoje.com.br\/novoportal\/wp-content\/uploads\/2018\/05\/PLACAS-768x461.png 768w, https:\/\/www.sudoestehoje.com.br\/novoportal\/wp-content\/uploads\/2018\/05\/PLACAS-700x420.png 700w, https:\/\/www.sudoestehoje.com.br\/novoportal\/wp-content\/uploads\/2018\/05\/PLACAS.png 1000w\" sizes=\"auto, (max-width: 500px) 100vw, 500px\" \/><\/a><\/p>\n<p>O Brasil deve come\u00e7ar a ter ve\u00edculos com placas que adotam o modelo unificado para pa\u00edses do Mercosul a partir do dia 1\u00ba de dezembro deste ano.<\/p>\n<p>De acordo com o jornal O Globo, o an\u00fancio foi feito nesta sexta-feira (11) pelo Conselho Nacional de Tr\u00e2nsito (Contran), que tamb\u00e9m publicou as regras de credenciamento para as empresas que v\u00e3o confeccionar as placas.<\/p>\n<p>Inicialmente, o emplacamento com o novo modelo vai ocorrer de forma gradual, come\u00e7ando por autom\u00f3veis zero quil\u00f4metro e pelos que tiverem transfer\u00eancia de propriedade ou de munic\u00edpio, al\u00e9m dos ve\u00edculos que precisarem ter a placa substitu\u00edda.<em>\/\/BN<\/em><\/p>\n","protected":false},"excerpt":{"rendered":"<p>O Brasil deve come\u00e7ar a ter ve\u00edculos com placas que adotam o modelo unificado para pa\u00edses do Mercosul a partir do dia 1\u00ba de dezembro deste ano. De acordo com o jornal O Globo, o an\u00fancio foi feito nesta sexta-feira (11) pelo Conselho Nacional de Tr\u00e2nsito (Contran), que tamb\u00e9m publicou as regras de credenciamento para [&hellip;]<\/p>\n","protected":false},"author":2,"featured_media":72014,"comment_status":"open","ping_status":"open","sticky":false,"template":"","format":"standard","meta":{"footnotes":"","_links_to":"","_links_to_target":""},"categories":[1],"tags":[],"class_list":["post-72013","post","type-post","status-publish","format-standard","has-post-thumbnail","hentry","category-geral"],"views":2387,"_links":{"self":[{"href":"https:\/\/www.sudoestehoje.com.br\/novoportal\/wp-json\/wp\/v2\/posts\/72013","targetHints":{"allow":["GET"]}}],"collection":[{"href":"https:\/\/www.sudoestehoje.com.br\/novoportal\/wp-json\/wp\/v2\/posts"}],"about":[{"href":"https:\/\/www.sudoestehoje.com.br\/novoportal\/wp-json\/wp\/v2\/types\/post"}],"author":[{"embeddable":true,"href":"https:\/\/www.sudoestehoje.com.br\/novoportal\/wp-json\/wp\/v2\/users\/2"}],"replies":[{"embeddable":true,"href":"https:\/\/www.sudoestehoje.com.br\/novoportal\/wp-json\/wp\/v2\/comments?post=72013"}],"version-history":[{"count":1,"href":"https:\/\/www.sudoestehoje.com.br\/novoportal\/wp-json\/wp\/v2\/posts\/72013\/revisions"}],"predecessor-version":[{"id":72015,"href":"https:\/\/www.sudoestehoje.com.br\/novoportal\/wp-json\/wp\/v2\/posts\/72013\/revisions\/72015"}],"wp:featuredmedia":[{"embeddable":true,"href":"https:\/\/www.sudoestehoje.com.br\/novoportal\/wp-json\/wp\/v2\/media\/72014"}],"wp:attachment":[{"href":"https:\/\/www.sudoestehoje.com.br\/novoportal\/wp-json\/wp\/v2\/media?parent=72013"}],"wp:term":[{"taxonomy":"category","embeddable":true,"href":"https:\/\/www.sudoestehoje.com.br\/novoportal\/wp-json\/wp\/v2\/categories?post=72013"},{"taxonomy":"post_tag","embeddable":true,"href":"https:\/\/www.sudoestehoje.com.br\/novoportal\/wp-json\/wp\/v2\/tags?post=72013"}],"curies":[{"name":"wp","href":"https:\/\/api.w.org\/{rel}","templated":true}]}}