
{"id":72010,"date":"2018-05-12T19:40:01","date_gmt":"2018-05-12T22:40:01","guid":{"rendered":"http:\/\/www.sudoestehoje.com.br\/novoportal\/?p=72010"},"modified":"2018-05-13T18:50:26","modified_gmt":"2018-05-13T21:50:26","slug":"policial-de-folga-mata-ladrao-em-escola-que-comemorava-dia-das-maes","status":"publish","type":"post","link":"https:\/\/www.sudoestehoje.com.br\/novoportal\/2018\/05\/12\/policial-de-folga-mata-ladrao-em-escola-que-comemorava-dia-das-maes\/","title":{"rendered":"POLICIAL DE FOLGA MATA LADR\u00c3O EM ESCOLA QUE COMEMORAVA DIA DAS M\u00c3ES"},"content":{"rendered":"<p><a href=\"http:\/\/www.sudoestehoje.com.br\/novoportal\/wp-content\/uploads\/2018\/05\/M\u00c3E-POLICIAL.jpg\"><img loading=\"lazy\" decoding=\"async\" class=\"aligncenter size-medium wp-image-72011\" src=\"http:\/\/www.sudoestehoje.com.br\/novoportal\/wp-content\/uploads\/2018\/05\/M\u00c3E-POLICIAL-500x333.jpg\" alt=\"\" width=\"500\" height=\"333\" srcset=\"https:\/\/www.sudoestehoje.com.br\/novoportal\/wp-content\/uploads\/2018\/05\/M\u00c3E-POLICIAL-500x333.jpg 500w, https:\/\/www.sudoestehoje.com.br\/novoportal\/wp-content\/uploads\/2018\/05\/M\u00c3E-POLICIAL.jpg 768w, https:\/\/www.sudoestehoje.com.br\/novoportal\/wp-content\/uploads\/2018\/05\/M\u00c3E-POLICIAL-700x467.jpg 700w\" sizes=\"auto, (max-width: 500px) 100vw, 500px\" \/><\/a><\/p>\n<p>Uma policial militar de folga reagiu a uma tentativa de assalto e matou um ladr\u00e3o na cidade de Suzano, no interior de S\u00e3o Paulo, durante a manh\u00e3 deste s\u00e1bado.<\/p>\n<p>Segundo informa\u00e7\u00f5es da Folha de S. Paulo, mulheres e crian\u00e7as estavam em frente a uma escola particular para participar de uma festa de Dia das M\u00e3es quando foram abordadas por um homem armado.<\/p>\n<p>A policial sacou a arma logo depois do criminoso anunciar o crime e atirou contra ele. O homem chegou a ser levado para um hospital da cidade, mas morreu. Assista abaixo o v\u00eddeo com o momento do disparo da policial:<\/p>\n<p>https:\/\/www.youtube.com\/watch?time_continue=7&#038;v=hN2w534SW9w<\/p>\n","protected":false},"excerpt":{"rendered":"<p>Uma policial militar de folga reagiu a uma tentativa de assalto e matou um ladr\u00e3o na cidade de Suzano, no interior de S\u00e3o Paulo, durante a manh\u00e3 deste s\u00e1bado. Segundo informa\u00e7\u00f5es da Folha de S. Paulo, mulheres e crian\u00e7as estavam em frente a uma escola particular para participar de uma festa de Dia das M\u00e3es [&hellip;]<\/p>\n","protected":false},"author":2,"featured_media":72011,"comment_status":"open","ping_status":"open","sticky":false,"template":"","format":"standard","meta":{"footnotes":"","_links_to":"","_links_to_target":""},"categories":[1],"tags":[],"class_list":["post-72010","post","type-post","status-publish","format-standard","has-post-thumbnail","hentry","category-geral"],"views":2267,"_links":{"self":[{"href":"https:\/\/www.sudoestehoje.com.br\/novoportal\/wp-json\/wp\/v2\/posts\/72010","targetHints":{"allow":["GET"]}}],"collection":[{"href":"https:\/\/www.sudoestehoje.com.br\/novoportal\/wp-json\/wp\/v2\/posts"}],"about":[{"href":"https:\/\/www.sudoestehoje.com.br\/novoportal\/wp-json\/wp\/v2\/types\/post"}],"author":[{"embeddable":true,"href":"https:\/\/www.sudoestehoje.com.br\/novoportal\/wp-json\/wp\/v2\/users\/2"}],"replies":[{"embeddable":true,"href":"https:\/\/www.sudoestehoje.com.br\/novoportal\/wp-json\/wp\/v2\/comments?post=72010"}],"version-history":[{"count":1,"href":"https:\/\/www.sudoestehoje.com.br\/novoportal\/wp-json\/wp\/v2\/posts\/72010\/revisions"}],"predecessor-version":[{"id":72012,"href":"https:\/\/www.sudoestehoje.com.br\/novoportal\/wp-json\/wp\/v2\/posts\/72010\/revisions\/72012"}],"wp:featuredmedia":[{"embeddable":true,"href":"https:\/\/www.sudoestehoje.com.br\/novoportal\/wp-json\/wp\/v2\/media\/72011"}],"wp:attachment":[{"href":"https:\/\/www.sudoestehoje.com.br\/novoportal\/wp-json\/wp\/v2\/media?parent=72010"}],"wp:term":[{"taxonomy":"category","embeddable":true,"href":"https:\/\/www.sudoestehoje.com.br\/novoportal\/wp-json\/wp\/v2\/categories?post=72010"},{"taxonomy":"post_tag","embeddable":true,"href":"https:\/\/www.sudoestehoje.com.br\/novoportal\/wp-json\/wp\/v2\/tags?post=72010"}],"curies":[{"name":"wp","href":"https:\/\/api.w.org\/{rel}","templated":true}]}}