
{"id":72007,"date":"2018-05-14T09:30:41","date_gmt":"2018-05-14T12:30:41","guid":{"rendered":"http:\/\/www.sudoestehoje.com.br\/novoportal\/?p=72007"},"modified":"2018-05-14T09:30:41","modified_gmt":"2018-05-14T12:30:41","slug":"itapetinga-camara-de-vereadores-homenageia-ex-combatente-da-2a-guerra","status":"publish","type":"post","link":"https:\/\/www.sudoestehoje.com.br\/novoportal\/2018\/05\/14\/itapetinga-camara-de-vereadores-homenageia-ex-combatente-da-2a-guerra\/","title":{"rendered":"ITAPETINGA: C\u00c2MARA DE VEREADORES HOMENAGEIA EX-COMBATENTE DA 2\u00aa GUERRA"},"content":{"rendered":"<p><a href=\"http:\/\/www.sudoestehoje.com.br\/novoportal\/wp-content\/uploads\/2018\/05\/jo\u00e3o-1.jpg\"><img loading=\"lazy\" decoding=\"async\" class=\"aligncenter size-medium wp-image-72088\" src=\"http:\/\/www.sudoestehoje.com.br\/novoportal\/wp-content\/uploads\/2018\/05\/jo\u00e3o-1-500x375.jpg\" alt=\"\" width=\"500\" height=\"375\" srcset=\"https:\/\/www.sudoestehoje.com.br\/novoportal\/wp-content\/uploads\/2018\/05\/jo\u00e3o-1-500x375.jpg 500w, https:\/\/www.sudoestehoje.com.br\/novoportal\/wp-content\/uploads\/2018\/05\/jo\u00e3o-1-768x576.jpg 768w, https:\/\/www.sudoestehoje.com.br\/novoportal\/wp-content\/uploads\/2018\/05\/jo\u00e3o-1-700x525.jpg 700w, https:\/\/www.sudoestehoje.com.br\/novoportal\/wp-content\/uploads\/2018\/05\/jo\u00e3o-1.jpg 960w\" sizes=\"auto, (max-width: 500px) 100vw, 500px\" \/><\/a><\/p>\n<p>A sess\u00e3o ordin\u00e1ria da \u00faltima quinta-feira, da c\u00e2mara de vereadores de Itapetinga, foi interrompida por cerca de meia hora, a pedido do vereador Anderson da Nova, para homenagear o ex-combatente da 2\u00aa guerra Mundial, Jo\u00e3o Medeiros Pires, o popular &#8220;Jo\u00e3o Pracinha&#8221;.\u00a0Jo\u00e3o Pracinha participou de combates na It\u00e1lia, a partir de 1943, incorporado \u00e0 For\u00e7a Expedicion\u00e1ria Brasileira &#8211; FEB.<\/p>\n<p><a href=\"http:\/\/www.sudoestehoje.com.br\/novoportal\/wp-content\/uploads\/2018\/05\/jo\u00e3o-2.jpg\"><img loading=\"lazy\" decoding=\"async\" class=\"aligncenter size-medium wp-image-72089\" src=\"http:\/\/www.sudoestehoje.com.br\/novoportal\/wp-content\/uploads\/2018\/05\/jo\u00e3o-2-500x375.jpg\" alt=\"\" width=\"500\" height=\"375\" srcset=\"https:\/\/www.sudoestehoje.com.br\/novoportal\/wp-content\/uploads\/2018\/05\/jo\u00e3o-2-500x375.jpg 500w, https:\/\/www.sudoestehoje.com.br\/novoportal\/wp-content\/uploads\/2018\/05\/jo\u00e3o-2-768x576.jpg 768w, https:\/\/www.sudoestehoje.com.br\/novoportal\/wp-content\/uploads\/2018\/05\/jo\u00e3o-2-700x525.jpg 700w, https:\/\/www.sudoestehoje.com.br\/novoportal\/wp-content\/uploads\/2018\/05\/jo\u00e3o-2.jpg 960w\" sizes=\"auto, (max-width: 500px) 100vw, 500px\" \/><\/a><\/p>\n<p>Durante a sess\u00e3o da c\u00e2mara, o vereador Anderson da Nova apresentou uma Mo\u00e7\u00e3o de Aplauso ao ex-combatente, que tamb\u00e9m foi homenageado pelo Tiro de Guerra local, que compareceu maci\u00e7amente \u00e0 sess\u00e3o.<\/p>\n<p><strong><em>Reda\u00e7\u00e3o<\/em><\/strong><\/p>\n","protected":false},"excerpt":{"rendered":"<p>A sess\u00e3o ordin\u00e1ria da \u00faltima quinta-feira, da c\u00e2mara de vereadores de Itapetinga, foi interrompida por cerca de meia hora, a pedido do vereador Anderson da Nova, para homenagear o ex-combatente da 2\u00aa guerra Mundial, Jo\u00e3o Medeiros Pires, o popular &#8220;Jo\u00e3o Pracinha&#8221;.\u00a0Jo\u00e3o Pracinha participou de combates na It\u00e1lia, a partir de 1943, incorporado \u00e0 For\u00e7a Expedicion\u00e1ria [&hellip;]<\/p>\n","protected":false},"author":2,"featured_media":72088,"comment_status":"open","ping_status":"open","sticky":false,"template":"","format":"standard","meta":{"footnotes":"","_links_to":"","_links_to_target":""},"categories":[1],"tags":[],"class_list":["post-72007","post","type-post","status-publish","format-standard","has-post-thumbnail","hentry","category-geral"],"views":1596,"_links":{"self":[{"href":"https:\/\/www.sudoestehoje.com.br\/novoportal\/wp-json\/wp\/v2\/posts\/72007","targetHints":{"allow":["GET"]}}],"collection":[{"href":"https:\/\/www.sudoestehoje.com.br\/novoportal\/wp-json\/wp\/v2\/posts"}],"about":[{"href":"https:\/\/www.sudoestehoje.com.br\/novoportal\/wp-json\/wp\/v2\/types\/post"}],"author":[{"embeddable":true,"href":"https:\/\/www.sudoestehoje.com.br\/novoportal\/wp-json\/wp\/v2\/users\/2"}],"replies":[{"embeddable":true,"href":"https:\/\/www.sudoestehoje.com.br\/novoportal\/wp-json\/wp\/v2\/comments?post=72007"}],"version-history":[{"count":2,"href":"https:\/\/www.sudoestehoje.com.br\/novoportal\/wp-json\/wp\/v2\/posts\/72007\/revisions"}],"predecessor-version":[{"id":72090,"href":"https:\/\/www.sudoestehoje.com.br\/novoportal\/wp-json\/wp\/v2\/posts\/72007\/revisions\/72090"}],"wp:featuredmedia":[{"embeddable":true,"href":"https:\/\/www.sudoestehoje.com.br\/novoportal\/wp-json\/wp\/v2\/media\/72088"}],"wp:attachment":[{"href":"https:\/\/www.sudoestehoje.com.br\/novoportal\/wp-json\/wp\/v2\/media?parent=72007"}],"wp:term":[{"taxonomy":"category","embeddable":true,"href":"https:\/\/www.sudoestehoje.com.br\/novoportal\/wp-json\/wp\/v2\/categories?post=72007"},{"taxonomy":"post_tag","embeddable":true,"href":"https:\/\/www.sudoestehoje.com.br\/novoportal\/wp-json\/wp\/v2\/tags?post=72007"}],"curies":[{"name":"wp","href":"https:\/\/api.w.org\/{rel}","templated":true}]}}