
{"id":7200,"date":"2011-08-03T10:29:55","date_gmt":"2011-08-03T13:29:55","guid":{"rendered":"http:\/\/www.sudoestehoje.com.br\/novoportal\/?p=7200"},"modified":"2011-08-03T10:32:44","modified_gmt":"2011-08-03T13:32:44","slug":"cai-ou-nao-cai-2","status":"publish","type":"post","link":"https:\/\/www.sudoestehoje.com.br\/novoportal\/2011\/08\/03\/cai-ou-nao-cai-2\/","title":{"rendered":"CAI OU N\u00c3O CAI?"},"content":{"rendered":"<p style=\"text-align: center;\"><a id=\"apf4\" href=\"http:\/\/www.google.com.br\/imgres?imgurl=http:\/\/1.bp.blogspot.com\/__E06dfwAOt0\/Sh_Wg5MwAaI\/AAAAAAAAAXc\/Dasj7Qj-DcM\/s320\/na%2Bcorda%2Bbamba.jpg&amp;imgrefurl=http:\/\/blognacaradogol.blogspot.com\/2009\/05\/amigo-torcedor_29.html&amp;usg=__K1xBSqzgedTrU3Ulv4kfCGd2NUI=&amp;h=254&amp;w=281&amp;sz=13&amp;hl=pt-BR&amp;start=5&amp;zoom=1&amp;um=1&amp;itbs=1&amp;tbnid=wKQw2guN9qsMWM:&amp;tbnh=103&amp;tbnw=114&amp;prev=\/search%3Fq%3Dna%2Bcorda%2Bbamba%26um%3D1%26hl%3Dpt-BR%26rlz%3D1T4SKPB_pt-BRBR354BR359%26tbm%3Disch&amp;ei=2kw5TriQGZKtgQev6LnOBg\"><img loading=\"lazy\" decoding=\"async\" id=\"ipfwKQw2guN9qsMWM:\" class=\"aligncenter\" src=\"http:\/\/t0.gstatic.com\/images?q=tbn:ANd9GcTULRNM-sbXwON8kh3atqvss-2IvYWBa-l4KtYyRdAU0KbZm9BSJJq0lg\" alt=\"\" width=\"137\" height=\"124\" \/><\/a><\/p>\n<p>Se dependesse da vontade popular e at\u00e9 dos seus subordinados, o chefe da Comutran, Sargento Geovane, j\u00e1 deveria ter &#8220;voado&#8221; h\u00e1 muito tempo. Tem gente at\u00e9 se preparando para uma grande comemora\u00e7\u00e3o, caso o prefeito crie coragem e demita e mais impopular dos seus auxiliares. Se isto se concretizar, o prefeito poder\u00e1 at\u00e9 angariar alguns pontinhos de popularidade, dada a antipatia que o sujeito cultuou na cidade. Al\u00e9m do mais, Geovane &#8220;pisou na bola&#8221; ao perder uma verba de R$50 mil reais do governo federal, duas viaturas novas,\u00a0 2 baf\u00f4metros e ainda descalibrou, de prop\u00f3sito, o medidor de decib\u00e9is da Comutran, para n\u00e3o atuar contra a barulheira que ocorre em toda a cidade. Tudo isto por desleixo, maldade e incompet\u00eancia. Tem que cair. T\u00e1 com medo de qu\u00ea, prefeito?<\/p>\n","protected":false},"excerpt":{"rendered":"<p>Se dependesse da vontade popular e at\u00e9 dos seus subordinados, o chefe da Comutran, Sargento Geovane, j\u00e1 deveria ter &#8220;voado&#8221; h\u00e1 muito tempo. Tem gente at\u00e9 se preparando para uma grande comemora\u00e7\u00e3o, caso o prefeito crie coragem e demita e mais impopular dos seus auxiliares. Se isto se concretizar, o prefeito poder\u00e1 at\u00e9 angariar alguns [&hellip;]<\/p>\n","protected":false},"author":2,"featured_media":0,"comment_status":"open","ping_status":"open","sticky":false,"template":"","format":"standard","meta":{"footnotes":"","_links_to":"","_links_to_target":""},"categories":[11],"tags":[],"class_list":["post-7200","post","type-post","status-publish","format-standard","hentry","category-quentinhas"],"views":1256,"_links":{"self":[{"href":"https:\/\/www.sudoestehoje.com.br\/novoportal\/wp-json\/wp\/v2\/posts\/7200","targetHints":{"allow":["GET"]}}],"collection":[{"href":"https:\/\/www.sudoestehoje.com.br\/novoportal\/wp-json\/wp\/v2\/posts"}],"about":[{"href":"https:\/\/www.sudoestehoje.com.br\/novoportal\/wp-json\/wp\/v2\/types\/post"}],"author":[{"embeddable":true,"href":"https:\/\/www.sudoestehoje.com.br\/novoportal\/wp-json\/wp\/v2\/users\/2"}],"replies":[{"embeddable":true,"href":"https:\/\/www.sudoestehoje.com.br\/novoportal\/wp-json\/wp\/v2\/comments?post=7200"}],"version-history":[{"count":3,"href":"https:\/\/www.sudoestehoje.com.br\/novoportal\/wp-json\/wp\/v2\/posts\/7200\/revisions"}],"predecessor-version":[{"id":7202,"href":"https:\/\/www.sudoestehoje.com.br\/novoportal\/wp-json\/wp\/v2\/posts\/7200\/revisions\/7202"}],"wp:attachment":[{"href":"https:\/\/www.sudoestehoje.com.br\/novoportal\/wp-json\/wp\/v2\/media?parent=7200"}],"wp:term":[{"taxonomy":"category","embeddable":true,"href":"https:\/\/www.sudoestehoje.com.br\/novoportal\/wp-json\/wp\/v2\/categories?post=7200"},{"taxonomy":"post_tag","embeddable":true,"href":"https:\/\/www.sudoestehoje.com.br\/novoportal\/wp-json\/wp\/v2\/tags?post=7200"}],"curies":[{"name":"wp","href":"https:\/\/api.w.org\/{rel}","templated":true}]}}