
{"id":72,"date":"2010-09-13T13:13:47","date_gmt":"2010-09-13T16:13:47","guid":{"rendered":"http:\/\/sudoestehoje.tempsite.ws\/novoportal\/?p=72"},"modified":"2010-09-17T22:06:17","modified_gmt":"2010-09-18T01:06:17","slug":"tre-pode-dar-uma-maozinha-a-geraldo-simoes","status":"publish","type":"post","link":"https:\/\/www.sudoestehoje.com.br\/novoportal\/2010\/09\/13\/tre-pode-dar-uma-maozinha-a-geraldo-simoes\/","title":{"rendered":"TRE PODE DAR UMA &#8216;M\u00c3OZINHA&#8217; A GERALDO SIM\u00d5ES"},"content":{"rendered":"<div>\n<div style=\"text-align: center;\"><img decoding=\"async\" src=\"http:\/\/www.pimentanamuqueca.com.br\/wp-content\/uploads\/Wagner-e-Geraldo.JPG\" border=\"0\" alt=\"\" \/><\/div>\n<div>Time de Wagner quer &#8220;limpar a ficha&#8221; de Geraldo Sim\u00f5es<\/div>\n<p>Deu\u00a0na coluna Raio Lazer, da Tribuna da Bahia:<em> \u201c<strong>Depois de ter impugnado a candidatura do deputado federal Geraldo Sim\u00f5es (PT) \u00e0 reelei\u00e7\u00e3o, o Tribunal Regional Eleitoral (TRE) deve analisar sua situa\u00e7\u00e3o at\u00e9 a pr\u00f3xima quarta-feira sob nova \u00f3tica, uma vez que ficou comprovado que n\u00e3o houve dolo nas contas que ele teve rejeitadas pelo TCU, motivo que tem levado \u00e0 impugna\u00e7\u00e3o. A avalia\u00e7\u00e3o sobre o prov\u00e1vel novo comportamento do TRE a respeito de Geraldo Sim\u00f5es leva em conta, inclusive, o posicionamento adotado pela Corte eleitoral baiana frente a casos muito parecidos de ex-prefeitos e ex-presidentes de C\u00e2maras, a exemplo de Virg\u00ednia Hage e Saulo Pedrosa, apenas para ficar em alguns exemplos.\u201d <\/strong><\/em><\/p>\n<p>Caso isto ocorra, a Procuradoria Eleitoral j\u00e1 avisou que vai ingressar com recurso junto ao TSE, pedindo a cassa\u00e7\u00e3o do registro do candidato, a exemplo do que ocorreu com outras candidaturas impugnadas, que foram &#8216;aliviadas&#8217; pelo TRE. Como dizem os cr\u00edticos, no Brasil existem tr\u00eas tipos de justi\u00e7a: a ruim, a p\u00e9ssima e a\u00a0baiana.<\/p>\n<p>Davi Ferraz (com informa\u00e7\u00f5es do Politica Livre)<\/p>\n<\/div>\n","protected":false},"excerpt":{"rendered":"<p>Time de Wagner quer &#8220;limpar a ficha&#8221; de Geraldo Sim\u00f5es Deu\u00a0na coluna Raio Lazer, da Tribuna da Bahia: \u201cDepois de ter impugnado a candidatura do deputado federal Geraldo Sim\u00f5es (PT) \u00e0 reelei\u00e7\u00e3o, o Tribunal Regional Eleitoral (TRE) deve analisar sua situa\u00e7\u00e3o at\u00e9 a pr\u00f3xima quarta-feira sob nova \u00f3tica, uma vez que ficou comprovado que n\u00e3o [&hellip;]<\/p>\n","protected":false},"author":1,"featured_media":0,"comment_status":"open","ping_status":"open","sticky":false,"template":"","format":"standard","meta":{"footnotes":"","_links_to":"","_links_to_target":""},"categories":[1],"tags":[],"class_list":["post-72","post","type-post","status-publish","format-standard","hentry","category-geral"],"views":1209,"_links":{"self":[{"href":"https:\/\/www.sudoestehoje.com.br\/novoportal\/wp-json\/wp\/v2\/posts\/72","targetHints":{"allow":["GET"]}}],"collection":[{"href":"https:\/\/www.sudoestehoje.com.br\/novoportal\/wp-json\/wp\/v2\/posts"}],"about":[{"href":"https:\/\/www.sudoestehoje.com.br\/novoportal\/wp-json\/wp\/v2\/types\/post"}],"author":[{"embeddable":true,"href":"https:\/\/www.sudoestehoje.com.br\/novoportal\/wp-json\/wp\/v2\/users\/1"}],"replies":[{"embeddable":true,"href":"https:\/\/www.sudoestehoje.com.br\/novoportal\/wp-json\/wp\/v2\/comments?post=72"}],"version-history":[{"count":1,"href":"https:\/\/www.sudoestehoje.com.br\/novoportal\/wp-json\/wp\/v2\/posts\/72\/revisions"}],"predecessor-version":[{"id":73,"href":"https:\/\/www.sudoestehoje.com.br\/novoportal\/wp-json\/wp\/v2\/posts\/72\/revisions\/73"}],"wp:attachment":[{"href":"https:\/\/www.sudoestehoje.com.br\/novoportal\/wp-json\/wp\/v2\/media?parent=72"}],"wp:term":[{"taxonomy":"category","embeddable":true,"href":"https:\/\/www.sudoestehoje.com.br\/novoportal\/wp-json\/wp\/v2\/categories?post=72"},{"taxonomy":"post_tag","embeddable":true,"href":"https:\/\/www.sudoestehoje.com.br\/novoportal\/wp-json\/wp\/v2\/tags?post=72"}],"curies":[{"name":"wp","href":"https:\/\/api.w.org\/{rel}","templated":true}]}}