
{"id":71978,"date":"2018-05-11T20:14:00","date_gmt":"2018-05-11T23:14:00","guid":{"rendered":"http:\/\/www.sudoestehoje.com.br\/novoportal\/?p=71978"},"modified":"2018-05-11T20:34:34","modified_gmt":"2018-05-11T23:34:34","slug":"ta-chegando-rede-point-do-acai-inaugura-loja-em-itapetinga-neste-sabado","status":"publish","type":"post","link":"https:\/\/www.sudoestehoje.com.br\/novoportal\/2018\/05\/11\/ta-chegando-rede-point-do-acai-inaugura-loja-em-itapetinga-neste-sabado\/","title":{"rendered":"T\u00c1 CHEGANDO! REDE POINT DO A\u00c7A\u00cd INAUGURA LOJA EM ITAPETINGA, NESTE S\u00c1BADO"},"content":{"rendered":"<p><a href=\"http:\/\/www.sudoestehoje.com.br\/novoportal\/wp-content\/uploads\/2018\/05\/a\u00e7a\u00ed-2.jpg\"><img loading=\"lazy\" decoding=\"async\" class=\"aligncenter size-medium wp-image-71979\" src=\"http:\/\/www.sudoestehoje.com.br\/novoportal\/wp-content\/uploads\/2018\/05\/a\u00e7a\u00ed-2-500x500.jpg\" alt=\"\" width=\"500\" height=\"500\" srcset=\"https:\/\/www.sudoestehoje.com.br\/novoportal\/wp-content\/uploads\/2018\/05\/a\u00e7a\u00ed-2-500x500.jpg 500w, https:\/\/www.sudoestehoje.com.br\/novoportal\/wp-content\/uploads\/2018\/05\/a\u00e7a\u00ed-2-150x150.jpg 150w, https:\/\/www.sudoestehoje.com.br\/novoportal\/wp-content\/uploads\/2018\/05\/a\u00e7a\u00ed-2-768x768.jpg 768w, https:\/\/www.sudoestehoje.com.br\/novoportal\/wp-content\/uploads\/2018\/05\/a\u00e7a\u00ed-2-700x700.jpg 700w, https:\/\/www.sudoestehoje.com.br\/novoportal\/wp-content\/uploads\/2018\/05\/a\u00e7a\u00ed-2.jpg 960w\" sizes=\"auto, (max-width: 500px) 100vw, 500px\" \/><\/a><\/p>\n<p>A Rede <em><strong>Point do A\u00e7a\u00ed<\/strong><\/em>, pioneira no a\u00e7a\u00ed a quilo, inaugura neste s\u00e1bado (12) uma nova loja na Regi\u00e3o Sudoeste, desta vez em Itapetinga.<\/p>\n<p><span id=\"more-19210\"><\/span>A empresa, que j\u00e1 possui tr\u00eas lojas em Vit\u00f3ria da Conquista e uma em Po\u00e7\u00f5es, chega a Itapetinga com toda for\u00e7a, trazendo um novo conceito no seguimento, o a\u00e7a\u00ed a quilo.<\/p>\n<p><a href=\"http:\/\/www.sudoestehoje.com.br\/novoportal\/wp-content\/uploads\/2018\/05\/point-do-A\u00c7AI.jpg\"><img loading=\"lazy\" decoding=\"async\" class=\"aligncenter size-medium wp-image-71984\" src=\"http:\/\/www.sudoestehoje.com.br\/novoportal\/wp-content\/uploads\/2018\/05\/point-do-A\u00c7AI-500x331.jpg\" alt=\"\" width=\"500\" height=\"331\" srcset=\"https:\/\/www.sudoestehoje.com.br\/novoportal\/wp-content\/uploads\/2018\/05\/point-do-A\u00c7AI-500x331.jpg 500w, https:\/\/www.sudoestehoje.com.br\/novoportal\/wp-content\/uploads\/2018\/05\/point-do-A\u00c7AI.jpg 540w\" sizes=\"auto, (max-width: 500px) 100vw, 500px\" \/><\/a><\/p>\n<p>A inaugura\u00e7\u00e3o ser\u00e1 neste s\u00e1bado, a partir das 18h, na Av. Cinquenten\u00e1rio, 52 A, em frente ao Espa\u00e7o Terramar.\u00a0Os pre\u00e7os de inaugura\u00e7\u00e3o ter\u00e3o desconto promocional de 50%.<\/p>\n<p><strong><em>Reda\u00e7\u00e3o<\/em><\/strong><\/p>\n","protected":false},"excerpt":{"rendered":"<p>A Rede Point do A\u00e7a\u00ed, pioneira no a\u00e7a\u00ed a quilo, inaugura neste s\u00e1bado (12) uma nova loja na Regi\u00e3o Sudoeste, desta vez em Itapetinga. A empresa, que j\u00e1 possui tr\u00eas lojas em Vit\u00f3ria da Conquista e uma em Po\u00e7\u00f5es, chega a Itapetinga com toda for\u00e7a, trazendo um novo conceito no seguimento, o a\u00e7a\u00ed a quilo. [&hellip;]<\/p>\n","protected":false},"author":2,"featured_media":71979,"comment_status":"open","ping_status":"open","sticky":false,"template":"","format":"standard","meta":{"footnotes":"","_links_to":"","_links_to_target":""},"categories":[1],"tags":[],"class_list":["post-71978","post","type-post","status-publish","format-standard","has-post-thumbnail","hentry","category-geral"],"views":1843,"_links":{"self":[{"href":"https:\/\/www.sudoestehoje.com.br\/novoportal\/wp-json\/wp\/v2\/posts\/71978","targetHints":{"allow":["GET"]}}],"collection":[{"href":"https:\/\/www.sudoestehoje.com.br\/novoportal\/wp-json\/wp\/v2\/posts"}],"about":[{"href":"https:\/\/www.sudoestehoje.com.br\/novoportal\/wp-json\/wp\/v2\/types\/post"}],"author":[{"embeddable":true,"href":"https:\/\/www.sudoestehoje.com.br\/novoportal\/wp-json\/wp\/v2\/users\/2"}],"replies":[{"embeddable":true,"href":"https:\/\/www.sudoestehoje.com.br\/novoportal\/wp-json\/wp\/v2\/comments?post=71978"}],"version-history":[{"count":5,"href":"https:\/\/www.sudoestehoje.com.br\/novoportal\/wp-json\/wp\/v2\/posts\/71978\/revisions"}],"predecessor-version":[{"id":71987,"href":"https:\/\/www.sudoestehoje.com.br\/novoportal\/wp-json\/wp\/v2\/posts\/71978\/revisions\/71987"}],"wp:featuredmedia":[{"embeddable":true,"href":"https:\/\/www.sudoestehoje.com.br\/novoportal\/wp-json\/wp\/v2\/media\/71979"}],"wp:attachment":[{"href":"https:\/\/www.sudoestehoje.com.br\/novoportal\/wp-json\/wp\/v2\/media?parent=71978"}],"wp:term":[{"taxonomy":"category","embeddable":true,"href":"https:\/\/www.sudoestehoje.com.br\/novoportal\/wp-json\/wp\/v2\/categories?post=71978"},{"taxonomy":"post_tag","embeddable":true,"href":"https:\/\/www.sudoestehoje.com.br\/novoportal\/wp-json\/wp\/v2\/tags?post=71978"}],"curies":[{"name":"wp","href":"https:\/\/api.w.org\/{rel}","templated":true}]}}