
{"id":71973,"date":"2018-05-10T20:35:19","date_gmt":"2018-05-10T23:35:19","guid":{"rendered":"http:\/\/www.sudoestehoje.com.br\/novoportal\/?p=71973"},"modified":"2018-05-10T20:35:19","modified_gmt":"2018-05-10T23:35:19","slug":"vereadores-naara-duarte-anderson-da-nova-reafirmam-apoio-a-sandro-regis","status":"publish","type":"post","link":"https:\/\/www.sudoestehoje.com.br\/novoportal\/2018\/05\/10\/vereadores-naara-duarte-anderson-da-nova-reafirmam-apoio-a-sandro-regis\/","title":{"rendered":"VEREADORES NAARA DUARTE ANDERSON DA NOVA REAFIRMAM APOIO A SANDRO REGIS"},"content":{"rendered":"<p><a href=\"http:\/\/www.sudoestehoje.com.br\/novoportal\/wp-content\/uploads\/2018\/05\/naara-e-anderson.jpg\"><img loading=\"lazy\" decoding=\"async\" class=\"aligncenter size-medium wp-image-71975\" src=\"http:\/\/www.sudoestehoje.com.br\/novoportal\/wp-content\/uploads\/2018\/05\/naara-e-anderson-500x375.jpg\" alt=\"\" width=\"500\" height=\"375\" srcset=\"https:\/\/www.sudoestehoje.com.br\/novoportal\/wp-content\/uploads\/2018\/05\/naara-e-anderson-500x375.jpg 500w, https:\/\/www.sudoestehoje.com.br\/novoportal\/wp-content\/uploads\/2018\/05\/naara-e-anderson-768x576.jpg 768w, https:\/\/www.sudoestehoje.com.br\/novoportal\/wp-content\/uploads\/2018\/05\/naara-e-anderson-700x525.jpg 700w, https:\/\/www.sudoestehoje.com.br\/novoportal\/wp-content\/uploads\/2018\/05\/naara-e-anderson.jpg 960w\" sizes=\"auto, (max-width: 500px) 100vw, 500px\" \/><\/a><\/p>\n<p>Apesar da falsas informa\u00e7\u00f5es plantadas maliciosamente em grupos do whatsapp, os vereadores do DEM, Naara Duarte e Anderson da Nova, reafirmaram publicamente, nesta quinta-feira (10), o total apoio \u00e0 reelei\u00e7\u00e3o do deputado estadual democrata Sandro R\u00e9gis.<\/p>\n<p>Segunda Naara, o seu apoio ao deputado Sandro R\u00e9gis \u00e9 inquestion\u00e1vel e j\u00e1 vem de tr\u00eas elei\u00e7\u00f5es consecutivas, sem qualquer d\u00favida quanto ao seu posicionamento. Da mesma forma, se posicionou o vereador Anderson da Nova, que lembrou a sua postura e de Naara em recente reuni\u00e3o do Democratas, em favor de Sandro R\u00e9gis e Jos\u00e9 Carlos Aleluia, candidatos do partido em Itapetinga.<\/p>\n<p>Na reuni\u00e3o do DEM, foram apresentados e aprovados os nomes dos deputados Sandro R\u00e9gis e Pedro Tavares, como pr\u00e9-candidatos do partido \u00e0 Assembl\u00e9ia Legislativa, nas pr\u00f3ximas elei\u00e7\u00f5es.<\/p>\n<p><strong><em>Reda\u00e7\u00e3o<\/em>\u00a0<\/strong><\/p>\n","protected":false},"excerpt":{"rendered":"<p>Apesar da falsas informa\u00e7\u00f5es plantadas maliciosamente em grupos do whatsapp, os vereadores do DEM, Naara Duarte e Anderson da Nova, reafirmaram publicamente, nesta quinta-feira (10), o total apoio \u00e0 reelei\u00e7\u00e3o do deputado estadual democrata Sandro R\u00e9gis. Segunda Naara, o seu apoio ao deputado Sandro R\u00e9gis \u00e9 inquestion\u00e1vel e j\u00e1 vem de tr\u00eas elei\u00e7\u00f5es consecutivas, sem [&hellip;]<\/p>\n","protected":false},"author":2,"featured_media":71975,"comment_status":"open","ping_status":"open","sticky":false,"template":"","format":"standard","meta":{"footnotes":"","_links_to":"","_links_to_target":""},"categories":[1],"tags":[],"class_list":["post-71973","post","type-post","status-publish","format-standard","has-post-thumbnail","hentry","category-geral"],"views":1202,"_links":{"self":[{"href":"https:\/\/www.sudoestehoje.com.br\/novoportal\/wp-json\/wp\/v2\/posts\/71973","targetHints":{"allow":["GET"]}}],"collection":[{"href":"https:\/\/www.sudoestehoje.com.br\/novoportal\/wp-json\/wp\/v2\/posts"}],"about":[{"href":"https:\/\/www.sudoestehoje.com.br\/novoportal\/wp-json\/wp\/v2\/types\/post"}],"author":[{"embeddable":true,"href":"https:\/\/www.sudoestehoje.com.br\/novoportal\/wp-json\/wp\/v2\/users\/2"}],"replies":[{"embeddable":true,"href":"https:\/\/www.sudoestehoje.com.br\/novoportal\/wp-json\/wp\/v2\/comments?post=71973"}],"version-history":[{"count":3,"href":"https:\/\/www.sudoestehoje.com.br\/novoportal\/wp-json\/wp\/v2\/posts\/71973\/revisions"}],"predecessor-version":[{"id":71977,"href":"https:\/\/www.sudoestehoje.com.br\/novoportal\/wp-json\/wp\/v2\/posts\/71973\/revisions\/71977"}],"wp:featuredmedia":[{"embeddable":true,"href":"https:\/\/www.sudoestehoje.com.br\/novoportal\/wp-json\/wp\/v2\/media\/71975"}],"wp:attachment":[{"href":"https:\/\/www.sudoestehoje.com.br\/novoportal\/wp-json\/wp\/v2\/media?parent=71973"}],"wp:term":[{"taxonomy":"category","embeddable":true,"href":"https:\/\/www.sudoestehoje.com.br\/novoportal\/wp-json\/wp\/v2\/categories?post=71973"},{"taxonomy":"post_tag","embeddable":true,"href":"https:\/\/www.sudoestehoje.com.br\/novoportal\/wp-json\/wp\/v2\/tags?post=71973"}],"curies":[{"name":"wp","href":"https:\/\/api.w.org\/{rel}","templated":true}]}}