
{"id":71969,"date":"2018-05-10T18:25:13","date_gmt":"2018-05-10T21:25:13","guid":{"rendered":"http:\/\/www.sudoestehoje.com.br\/novoportal\/?p=71969"},"modified":"2018-05-10T18:25:13","modified_gmt":"2018-05-10T21:25:13","slug":"itapetinga-projeto-criando-a-zona-azul-e-encaminhado-a-camara-municipal","status":"publish","type":"post","link":"https:\/\/www.sudoestehoje.com.br\/novoportal\/2018\/05\/10\/itapetinga-projeto-criando-a-zona-azul-e-encaminhado-a-camara-municipal\/","title":{"rendered":"ITAPETINGA: PROJETO CRIANDO A &#8216;ZONA AZUL&#8217; \u00c9 ENCAMINHADO \u00c0 C\u00c2MARA MUNICIPAL"},"content":{"rendered":"<p><a href=\"http:\/\/www.sudoestehoje.com.br\/novoportal\/wp-content\/uploads\/2018\/05\/zona-azul.jpg\"><img loading=\"lazy\" decoding=\"async\" class=\"aligncenter size-medium wp-image-71971\" src=\"http:\/\/www.sudoestehoje.com.br\/novoportal\/wp-content\/uploads\/2018\/05\/zona-azul-500x313.jpg\" alt=\"\" width=\"500\" height=\"313\" srcset=\"https:\/\/www.sudoestehoje.com.br\/novoportal\/wp-content\/uploads\/2018\/05\/zona-azul-500x313.jpg 500w, https:\/\/www.sudoestehoje.com.br\/novoportal\/wp-content\/uploads\/2018\/05\/zona-azul-768x480.jpg 768w, https:\/\/www.sudoestehoje.com.br\/novoportal\/wp-content\/uploads\/2018\/05\/zona-azul-700x438.jpg 700w, https:\/\/www.sudoestehoje.com.br\/novoportal\/wp-content\/uploads\/2018\/05\/zona-azul.jpg 800w\" sizes=\"auto, (max-width: 500px) 100vw, 500px\" \/><\/a><\/p>\n<p>Na tarde desta quarta-feira, o prefeito Rodrigo Hagge encaminhou \u00e0 C\u00e2mara de Vereadores um projeto de lei criando a &#8216;Zona Azul&#8217; nas ruas centrais de Itapetinga, com o objetivo de disciplinar o estacionamento de ve\u00edculos no centro comercial da cidade.<\/p>\n<p>No projeto encaminhado \u00e0 c\u00e2mara, a Zona Azul funcionar\u00e1 atrav\u00e9s de concess\u00e3o a empresa especializada, mediante licita\u00e7\u00e3o p\u00fablica, pelo per\u00edodo de 10 anos, ficando a concession\u00e1ria encarregada de implantar e manter toda a sinaliza\u00e7\u00e3o horizontal e vertical, no locais abrangidos pela Zona Azul, al\u00e9m de fiscalizar e cobrar pelo uso das vagas.<\/p>\n<p>As regras para funcionamento, incluindo valores e tempo de uso, ser\u00e3o definidas no edital da licita\u00e7\u00e3o que ser\u00e1 aberta ap\u00f3s aprova\u00e7\u00e3o e sans\u00e3o do projeto de lei que tramita na c\u00e2mara.\u00a0Segundo a Mesa Diretora da C\u00e2mara Municipal, o projeto seguir\u00e1 seu tr\u00e2mite normal, por n\u00e3o se tratar de mat\u00e9ria que requeira urg\u00eancia.<\/p>\n<p>A implanta\u00e7\u00e3o da Zona Azul no centro de Itapetinga \u00e9 uma necessidade defendida pelo com\u00e9rcio local, atrav\u00e9s da CDL, e pelos propriet\u00e1rios de ve\u00edculos que procuram e n\u00e3o encontram vagas para estacionar no nas ruas centrais da cidade.<\/p>\n<p><strong><em>Reda\u00e7\u00e3o\u00a0<\/em><\/strong><\/p>\n","protected":false},"excerpt":{"rendered":"<p>Na tarde desta quarta-feira, o prefeito Rodrigo Hagge encaminhou \u00e0 C\u00e2mara de Vereadores um projeto de lei criando a &#8216;Zona Azul&#8217; nas ruas centrais de Itapetinga, com o objetivo de disciplinar o estacionamento de ve\u00edculos no centro comercial da cidade. No projeto encaminhado \u00e0 c\u00e2mara, a Zona Azul funcionar\u00e1 atrav\u00e9s de concess\u00e3o a empresa especializada, [&hellip;]<\/p>\n","protected":false},"author":2,"featured_media":71971,"comment_status":"open","ping_status":"open","sticky":false,"template":"","format":"standard","meta":{"footnotes":"","_links_to":"","_links_to_target":""},"categories":[1],"tags":[],"class_list":["post-71969","post","type-post","status-publish","format-standard","has-post-thumbnail","hentry","category-geral"],"views":1768,"_links":{"self":[{"href":"https:\/\/www.sudoestehoje.com.br\/novoportal\/wp-json\/wp\/v2\/posts\/71969","targetHints":{"allow":["GET"]}}],"collection":[{"href":"https:\/\/www.sudoestehoje.com.br\/novoportal\/wp-json\/wp\/v2\/posts"}],"about":[{"href":"https:\/\/www.sudoestehoje.com.br\/novoportal\/wp-json\/wp\/v2\/types\/post"}],"author":[{"embeddable":true,"href":"https:\/\/www.sudoestehoje.com.br\/novoportal\/wp-json\/wp\/v2\/users\/2"}],"replies":[{"embeddable":true,"href":"https:\/\/www.sudoestehoje.com.br\/novoportal\/wp-json\/wp\/v2\/comments?post=71969"}],"version-history":[{"count":2,"href":"https:\/\/www.sudoestehoje.com.br\/novoportal\/wp-json\/wp\/v2\/posts\/71969\/revisions"}],"predecessor-version":[{"id":71972,"href":"https:\/\/www.sudoestehoje.com.br\/novoportal\/wp-json\/wp\/v2\/posts\/71969\/revisions\/71972"}],"wp:featuredmedia":[{"embeddable":true,"href":"https:\/\/www.sudoestehoje.com.br\/novoportal\/wp-json\/wp\/v2\/media\/71971"}],"wp:attachment":[{"href":"https:\/\/www.sudoestehoje.com.br\/novoportal\/wp-json\/wp\/v2\/media?parent=71969"}],"wp:term":[{"taxonomy":"category","embeddable":true,"href":"https:\/\/www.sudoestehoje.com.br\/novoportal\/wp-json\/wp\/v2\/categories?post=71969"},{"taxonomy":"post_tag","embeddable":true,"href":"https:\/\/www.sudoestehoje.com.br\/novoportal\/wp-json\/wp\/v2\/tags?post=71969"}],"curies":[{"name":"wp","href":"https:\/\/api.w.org\/{rel}","templated":true}]}}