
{"id":71966,"date":"2018-05-10T00:48:20","date_gmt":"2018-05-10T03:48:20","guid":{"rendered":"http:\/\/www.sudoestehoje.com.br\/novoportal\/?p=71966"},"modified":"2018-05-10T00:48:20","modified_gmt":"2018-05-10T03:48:20","slug":"senado-aprova-prisao-domiciliar-para-gestantes-e-maes-de-criancas-ate-12-anos","status":"publish","type":"post","link":"https:\/\/www.sudoestehoje.com.br\/novoportal\/2018\/05\/10\/senado-aprova-prisao-domiciliar-para-gestantes-e-maes-de-criancas-ate-12-anos\/","title":{"rendered":"SENADO APROVA PRIS\u00c3O DOMICILIAR PARA GESTANTES E M\u00c3ES DE CRIAN\u00c7AS AT\u00c9 12 ANOS"},"content":{"rendered":"<p><a href=\"http:\/\/www.sudoestehoje.com.br\/novoportal\/wp-content\/uploads\/2018\/05\/GESTANTES-PRESAS.jpg\"><img loading=\"lazy\" decoding=\"async\" class=\"aligncenter size-medium wp-image-71967\" src=\"http:\/\/www.sudoestehoje.com.br\/novoportal\/wp-content\/uploads\/2018\/05\/GESTANTES-PRESAS-500x281.jpg\" alt=\"\" width=\"500\" height=\"281\" srcset=\"https:\/\/www.sudoestehoje.com.br\/novoportal\/wp-content\/uploads\/2018\/05\/GESTANTES-PRESAS-500x281.jpg 500w, https:\/\/www.sudoestehoje.com.br\/novoportal\/wp-content\/uploads\/2018\/05\/GESTANTES-PRESAS-768x431.jpg 768w, https:\/\/www.sudoestehoje.com.br\/novoportal\/wp-content\/uploads\/2018\/05\/GESTANTES-PRESAS-700x393.jpg 700w, https:\/\/www.sudoestehoje.com.br\/novoportal\/wp-content\/uploads\/2018\/05\/GESTANTES-PRESAS.jpg 890w\" sizes=\"auto, (max-width: 500px) 100vw, 500px\" \/><\/a><\/p>\n<p>Plen\u00e1rio do Senado aprovou, nesta ter\u00e7a-feira (8), o Projeto de Lei (PLS) 64\/2018 que estabelece que gestantes, m\u00e3es de crian\u00e7as at\u00e9 12 anos ou respons\u00e1veis por pessoas com defici\u00eancia poder\u00e3o trocar a pris\u00e3o preventiva por pris\u00e3o domiciliar. O projeto, que segue para a an\u00e1lise da C\u00e2mara dos Deputados, tamb\u00e9m permite que mulheres j\u00e1 condenadas e presas nessas condi\u00e7\u00f5es passem imediatamente \u00e0 progress\u00e3o de pena. O projeto torna lei uma decis\u00e3o de 2016 do Supremo Tribunal Federal<\/p>\n<p>Segundo a Ag\u00eancia Senado, \u00a0a autora do projeto, senadora Simone Tebet (PMDB-MS), ressalta que a separa\u00e7\u00e3o da m\u00e3e dos filhos \u00e9 bastante prejudicial para as crian\u00e7as, e a presen\u00e7a deles na pris\u00e3o \u00e9 \u201ca condena\u00e7\u00e3o de inocentes\u201d.<\/p>\n<p>O projeto permite que as mulheres gestantes e as que j\u00e1 s\u00e3o m\u00e3es de crian\u00e7as possam ser beneficiadas com a progress\u00e3o da pena ap\u00f3s o cumprimento de 1\/8, ou 12,5%, da sua pena \u2014 desde que sejam r\u00e9s prim\u00e1rias, n\u00e3o integrem organiza\u00e7\u00e3o criminosa e n\u00e3o tenham praticado crime contra os pr\u00f3prios filhos.<\/p>\n<p>Atualmente, essas mulheres recebem o mesmo tratamento que os demais presos e s\u00f3 recebem a progress\u00e3o ap\u00f3s cumprimento de 1\/6 da pena, em caso de crime comum, ou 2\/5 da pena para crimes hediondos.<\/p>\n<p>Segundo a senadora, mais de 60% das presas respondem por tr\u00e1fico de drogas \u2014 um crime considerado hediondo pela legisla\u00e7\u00e3o brasileira. No entanto, Simone explica que essas mulheres n\u00e3o representam perigo \u00e0 sociedade: &#8220;\u00e9 comum que elas sejam condenadas por posse de pequenas quantidades de drogas, ao serem usadas por seus companheiros&#8221;.<em>\/\/Boc\u00e3o News<\/em><\/p>\n","protected":false},"excerpt":{"rendered":"<p>Plen\u00e1rio do Senado aprovou, nesta ter\u00e7a-feira (8), o Projeto de Lei (PLS) 64\/2018 que estabelece que gestantes, m\u00e3es de crian\u00e7as at\u00e9 12 anos ou respons\u00e1veis por pessoas com defici\u00eancia poder\u00e3o trocar a pris\u00e3o preventiva por pris\u00e3o domiciliar. O projeto, que segue para a an\u00e1lise da C\u00e2mara dos Deputados, tamb\u00e9m permite que mulheres j\u00e1 condenadas e [&hellip;]<\/p>\n","protected":false},"author":2,"featured_media":71967,"comment_status":"open","ping_status":"open","sticky":false,"template":"","format":"standard","meta":{"footnotes":"","_links_to":"","_links_to_target":""},"categories":[1],"tags":[],"class_list":["post-71966","post","type-post","status-publish","format-standard","has-post-thumbnail","hentry","category-geral"],"views":1481,"_links":{"self":[{"href":"https:\/\/www.sudoestehoje.com.br\/novoportal\/wp-json\/wp\/v2\/posts\/71966","targetHints":{"allow":["GET"]}}],"collection":[{"href":"https:\/\/www.sudoestehoje.com.br\/novoportal\/wp-json\/wp\/v2\/posts"}],"about":[{"href":"https:\/\/www.sudoestehoje.com.br\/novoportal\/wp-json\/wp\/v2\/types\/post"}],"author":[{"embeddable":true,"href":"https:\/\/www.sudoestehoje.com.br\/novoportal\/wp-json\/wp\/v2\/users\/2"}],"replies":[{"embeddable":true,"href":"https:\/\/www.sudoestehoje.com.br\/novoportal\/wp-json\/wp\/v2\/comments?post=71966"}],"version-history":[{"count":1,"href":"https:\/\/www.sudoestehoje.com.br\/novoportal\/wp-json\/wp\/v2\/posts\/71966\/revisions"}],"predecessor-version":[{"id":71968,"href":"https:\/\/www.sudoestehoje.com.br\/novoportal\/wp-json\/wp\/v2\/posts\/71966\/revisions\/71968"}],"wp:featuredmedia":[{"embeddable":true,"href":"https:\/\/www.sudoestehoje.com.br\/novoportal\/wp-json\/wp\/v2\/media\/71967"}],"wp:attachment":[{"href":"https:\/\/www.sudoestehoje.com.br\/novoportal\/wp-json\/wp\/v2\/media?parent=71966"}],"wp:term":[{"taxonomy":"category","embeddable":true,"href":"https:\/\/www.sudoestehoje.com.br\/novoportal\/wp-json\/wp\/v2\/categories?post=71966"},{"taxonomy":"post_tag","embeddable":true,"href":"https:\/\/www.sudoestehoje.com.br\/novoportal\/wp-json\/wp\/v2\/tags?post=71966"}],"curies":[{"name":"wp","href":"https:\/\/api.w.org\/{rel}","templated":true}]}}