
{"id":71963,"date":"2018-05-09T22:52:13","date_gmt":"2018-05-10T01:52:13","guid":{"rendered":"http:\/\/www.sudoestehoje.com.br\/novoportal\/?p=71963"},"modified":"2018-05-09T22:52:13","modified_gmt":"2018-05-10T01:52:13","slug":"maioria-da-2a-turma-do-supremo-nega-pedido-para-que-lula-seja-solto","status":"publish","type":"post","link":"https:\/\/www.sudoestehoje.com.br\/novoportal\/2018\/05\/09\/maioria-da-2a-turma-do-supremo-nega-pedido-para-que-lula-seja-solto\/","title":{"rendered":"MAIORIA DA 2\u00aa TURMA DO SUPREMO NEGA PEDIDO PARA QUE LULA SEJA SOLTO"},"content":{"rendered":"<p><a href=\"http:\/\/www.sudoestehoje.com.br\/novoportal\/wp-content\/uploads\/2018\/05\/LULA-PRESO.jpg\"><img loading=\"lazy\" decoding=\"async\" class=\"aligncenter size-medium wp-image-71964\" src=\"http:\/\/www.sudoestehoje.com.br\/novoportal\/wp-content\/uploads\/2018\/05\/LULA-PRESO-500x334.jpg\" alt=\"\" width=\"500\" height=\"334\" srcset=\"https:\/\/www.sudoestehoje.com.br\/novoportal\/wp-content\/uploads\/2018\/05\/LULA-PRESO-500x334.jpg 500w, https:\/\/www.sudoestehoje.com.br\/novoportal\/wp-content\/uploads\/2018\/05\/LULA-PRESO.jpg 768w, https:\/\/www.sudoestehoje.com.br\/novoportal\/wp-content\/uploads\/2018\/05\/LULA-PRESO-700x468.jpg 700w\" sizes=\"auto, (max-width: 500px) 100vw, 500px\" \/><\/a><\/p>\n<p>Gilmar Mendes votou no plen\u00e1rio virtual do STF contra o recurso apresentado pela defesa de Lula para reverter a sua pris\u00e3o, informa a Coluna do Estad\u00e3o.<\/p>\n<p>Com isso, tr\u00eas dos cinco ministros da Segunda Turma do Supremo j\u00e1 se manifestaram contra o recurso do petista \u2013al\u00e9m de Gilmar, Dias Toffoli e o relator, Edson Fachin.<\/p>\n<p>Faltam s\u00f3 Celso de Mello e Ricardo Lewandowski. Mas Lula j\u00e1 dan\u00e7ou, mais uma vez. \/\/<em>O Antagonista<\/em><\/p>\n","protected":false},"excerpt":{"rendered":"<p>Gilmar Mendes votou no plen\u00e1rio virtual do STF contra o recurso apresentado pela defesa de Lula para reverter a sua pris\u00e3o, informa a Coluna do Estad\u00e3o. Com isso, tr\u00eas dos cinco ministros da Segunda Turma do Supremo j\u00e1 se manifestaram contra o recurso do petista \u2013al\u00e9m de Gilmar, Dias Toffoli e o relator, Edson Fachin. [&hellip;]<\/p>\n","protected":false},"author":2,"featured_media":71964,"comment_status":"open","ping_status":"open","sticky":false,"template":"","format":"standard","meta":{"footnotes":"","_links_to":"","_links_to_target":""},"categories":[1],"tags":[],"class_list":["post-71963","post","type-post","status-publish","format-standard","has-post-thumbnail","hentry","category-geral"],"views":1108,"_links":{"self":[{"href":"https:\/\/www.sudoestehoje.com.br\/novoportal\/wp-json\/wp\/v2\/posts\/71963","targetHints":{"allow":["GET"]}}],"collection":[{"href":"https:\/\/www.sudoestehoje.com.br\/novoportal\/wp-json\/wp\/v2\/posts"}],"about":[{"href":"https:\/\/www.sudoestehoje.com.br\/novoportal\/wp-json\/wp\/v2\/types\/post"}],"author":[{"embeddable":true,"href":"https:\/\/www.sudoestehoje.com.br\/novoportal\/wp-json\/wp\/v2\/users\/2"}],"replies":[{"embeddable":true,"href":"https:\/\/www.sudoestehoje.com.br\/novoportal\/wp-json\/wp\/v2\/comments?post=71963"}],"version-history":[{"count":1,"href":"https:\/\/www.sudoestehoje.com.br\/novoportal\/wp-json\/wp\/v2\/posts\/71963\/revisions"}],"predecessor-version":[{"id":71965,"href":"https:\/\/www.sudoestehoje.com.br\/novoportal\/wp-json\/wp\/v2\/posts\/71963\/revisions\/71965"}],"wp:featuredmedia":[{"embeddable":true,"href":"https:\/\/www.sudoestehoje.com.br\/novoportal\/wp-json\/wp\/v2\/media\/71964"}],"wp:attachment":[{"href":"https:\/\/www.sudoestehoje.com.br\/novoportal\/wp-json\/wp\/v2\/media?parent=71963"}],"wp:term":[{"taxonomy":"category","embeddable":true,"href":"https:\/\/www.sudoestehoje.com.br\/novoportal\/wp-json\/wp\/v2\/categories?post=71963"},{"taxonomy":"post_tag","embeddable":true,"href":"https:\/\/www.sudoestehoje.com.br\/novoportal\/wp-json\/wp\/v2\/tags?post=71963"}],"curies":[{"name":"wp","href":"https:\/\/api.w.org\/{rel}","templated":true}]}}