
{"id":7194,"date":"2011-08-03T10:14:18","date_gmt":"2011-08-03T13:14:18","guid":{"rendered":"http:\/\/www.sudoestehoje.com.br\/novoportal\/?p=7194"},"modified":"2011-08-03T10:14:18","modified_gmt":"2011-08-03T13:14:18","slug":"politicos-que-fizeram-a-historia-de-itapetinga-serao-homenageados","status":"publish","type":"post","link":"https:\/\/www.sudoestehoje.com.br\/novoportal\/2011\/08\/03\/politicos-que-fizeram-a-historia-de-itapetinga-serao-homenageados\/","title":{"rendered":"POL\u00cdTICOS QUE FIZERAM A HIST\u00d3RIA DE ITAPETINGA SER\u00c3O HOMENAGEADOS"},"content":{"rendered":"<p style=\"text-align: center;\"><img decoding=\"async\" class=\"aligncenter\" src=\"http:\/\/files.itapetingaaluga.webnode.pt\/200000027-1d5861e51f\/Itapetinga%20a%20muitos%20anos%20atr%C3%A1s.jpg\" alt=\"\" \/><\/p>\n<p style=\"text-align: center;\"><em><strong>Um momento para relembrar a hist\u00f3ria do municipio<\/strong><\/em><\/p>\n<p>\u00a0<\/p>\n<p>No dia 12 de dezembro\u00a0 2011, Itapetinga completar\u00e1 59 anos de emancipa\u00e7\u00e3o politica. A empresa <strong>Az\u00ea Marketing Pesquisas e Eventos,<\/strong>\u00a0 empreendimento do Grupo Queir\u00f3z, com o apoio \u00a0total do programa Sert\u00e3o Moderno, da\u00a0 R\u00e1dio Fascina\u00e7\u00e3o, estar\u00e1\u00a0 homenageando todos os\u00a0\u00a0\u00a0ex-\u00a0prefeitos, vice-prefeitos e vereadores da hist\u00f3ria politica de Itapetinga.<\/p>\n<p>Os homenageados receber\u00e3o\u00a0 a medalha\u00a0 &#8220;Juvino Oliveira&#8221; ,\u00a0no evento\u00a0\u00a0 acontecer\u00e1 no dia 10 de dezembro, aqui em Itapetinga. Ser\u00e1 uma grande\u00a0 festa, numa noite de confraterniza\u00e7\u00e3o.\u00a0O evento j\u00e1\u00a0 est\u00e1 em fase de prepara\u00e7\u00e3o.\u00a0Aguarde!!<\/p>\n<p>Nomes como Evandro Andrade, Dr.Coutinho, Waldemar Ferraz, Dr. Wilson Ribeiro, Michel Hagge, Dr. Jos\u00e9 Ot\u00e1vio Curvello, Laiz\u00a0 G\u00f3es, Roberval Coelho, Jo\u00e3o Dantas, Dr. La\u00e9rcio Sobrinho\u00a0,\u00a0Claudemiro Martins, Higino Silva,\u00a0Katia Espinheira, Dr. Djalma Nobre, Dr. Jo\u00e3o Fortunato, Dr. Geovaldo Campos, Jackson Coelho, Getulio Gomes, Dr. Osvaldo Santos , Nair Moreira, Juraci\u00a0 Nunes , Jos\u00e9 Gama Sobrinho, Dr.Davi Ferraz, Antonio Rocha, Daniel Moreira, ,\u00a0Zildo Carvalho\u00a0 e muitos outros que tiveram relevantes servi\u00e7os prestados em Itapetinga, exercendo cargos de prefeitos, vice prefeitos\u00a0 e vereadores,\u00a0ser\u00e3o merecidamente\u00a0 homenageados.<\/p>\n<p>Familiares\u00a0 de Prefeitos , vice-prefeitos e vereadores &#8220;in memorian&#8221;,\u00a0ser\u00e3o tamb\u00e9m\u00a0 homenageados.\u00a0<\/p>\n<p><em><strong>AZ\u00ca \u00a0MARKETING PESQUISAS\u00a0EVENTOS<\/strong><\/em><\/p>\n","protected":false},"excerpt":{"rendered":"<p>Um momento para relembrar a hist\u00f3ria do municipio \u00a0 No dia 12 de dezembro\u00a0 2011, Itapetinga completar\u00e1 59 anos de emancipa\u00e7\u00e3o politica. A empresa Az\u00ea Marketing Pesquisas e Eventos,\u00a0 empreendimento do Grupo Queir\u00f3z, com o apoio \u00a0total do programa Sert\u00e3o Moderno, da\u00a0 R\u00e1dio Fascina\u00e7\u00e3o, estar\u00e1\u00a0 homenageando todos os\u00a0\u00a0\u00a0ex-\u00a0prefeitos, vice-prefeitos e vereadores da hist\u00f3ria politica de [&hellip;]<\/p>\n","protected":false},"author":2,"featured_media":0,"comment_status":"open","ping_status":"open","sticky":false,"template":"","format":"standard","meta":{"footnotes":"","_links_to":"","_links_to_target":""},"categories":[1],"tags":[],"class_list":["post-7194","post","type-post","status-publish","format-standard","hentry","category-geral"],"views":2983,"_links":{"self":[{"href":"https:\/\/www.sudoestehoje.com.br\/novoportal\/wp-json\/wp\/v2\/posts\/7194","targetHints":{"allow":["GET"]}}],"collection":[{"href":"https:\/\/www.sudoestehoje.com.br\/novoportal\/wp-json\/wp\/v2\/posts"}],"about":[{"href":"https:\/\/www.sudoestehoje.com.br\/novoportal\/wp-json\/wp\/v2\/types\/post"}],"author":[{"embeddable":true,"href":"https:\/\/www.sudoestehoje.com.br\/novoportal\/wp-json\/wp\/v2\/users\/2"}],"replies":[{"embeddable":true,"href":"https:\/\/www.sudoestehoje.com.br\/novoportal\/wp-json\/wp\/v2\/comments?post=7194"}],"version-history":[{"count":5,"href":"https:\/\/www.sudoestehoje.com.br\/novoportal\/wp-json\/wp\/v2\/posts\/7194\/revisions"}],"predecessor-version":[{"id":7199,"href":"https:\/\/www.sudoestehoje.com.br\/novoportal\/wp-json\/wp\/v2\/posts\/7194\/revisions\/7199"}],"wp:attachment":[{"href":"https:\/\/www.sudoestehoje.com.br\/novoportal\/wp-json\/wp\/v2\/media?parent=7194"}],"wp:term":[{"taxonomy":"category","embeddable":true,"href":"https:\/\/www.sudoestehoje.com.br\/novoportal\/wp-json\/wp\/v2\/categories?post=7194"},{"taxonomy":"post_tag","embeddable":true,"href":"https:\/\/www.sudoestehoje.com.br\/novoportal\/wp-json\/wp\/v2\/tags?post=7194"}],"curies":[{"name":"wp","href":"https:\/\/api.w.org\/{rel}","templated":true}]}}