
{"id":71923,"date":"2018-05-07T23:24:31","date_gmt":"2018-05-08T02:24:31","guid":{"rendered":"http:\/\/www.sudoestehoje.com.br\/novoportal\/?p=71923"},"modified":"2018-05-07T23:24:31","modified_gmt":"2018-05-08T02:24:31","slug":"prefeitura-de-macarani-e-fjs-realizam-feira-de-saude-nesta-terca-e-quarta","status":"publish","type":"post","link":"https:\/\/www.sudoestehoje.com.br\/novoportal\/2018\/05\/07\/prefeitura-de-macarani-e-fjs-realizam-feira-de-saude-nesta-terca-e-quarta\/","title":{"rendered":"PREFEITURA DE MACARANI E FJS REALIZAM FEIRA DE SA\u00daDE NESTA TER\u00c7A E QUARTA"},"content":{"rendered":"<p><a href=\"http:\/\/www.sudoestehoje.com.br\/novoportal\/wp-content\/uploads\/2018\/05\/macarani.jpg\"><img loading=\"lazy\" decoding=\"async\" class=\"aligncenter size-medium wp-image-71925\" src=\"http:\/\/www.sudoestehoje.com.br\/novoportal\/wp-content\/uploads\/2018\/05\/macarani-500x353.jpg\" alt=\"\" width=\"500\" height=\"353\" srcset=\"https:\/\/www.sudoestehoje.com.br\/novoportal\/wp-content\/uploads\/2018\/05\/macarani-500x353.jpg 500w, https:\/\/www.sudoestehoje.com.br\/novoportal\/wp-content\/uploads\/2018\/05\/macarani-768x542.jpg 768w, https:\/\/www.sudoestehoje.com.br\/novoportal\/wp-content\/uploads\/2018\/05\/macarani-700x494.jpg 700w, https:\/\/www.sudoestehoje.com.br\/novoportal\/wp-content\/uploads\/2018\/05\/macarani.jpg 960w\" sizes=\"auto, (max-width: 500px) 100vw, 500px\" \/><\/a><\/p>\n<p>Em parceria com a Funda\u00e7\u00e3o Jos\u00e9 Silveira, a Prefeitura Municipal de Macarani realiza nesta ter\u00e7a e quarta (8 e 9), no Largo de S\u00e3o Pedro, uma grande Feira de Sa\u00fade que atender\u00e1 toda a popula\u00e7\u00e3o do munic\u00edpio, incluindo moradores da zona rural e distritos.<\/p>\n<p>Em contato com o Sudoeste Hoje, o prefeito Miller Ferraz reafirmou o seu compromisso em levar a sa\u00fade a todos os mun\u00edcipes, objetivo que vem perseguindo desde o primeiro dia do seu mandato.<\/p>\n<p>Na Feira de Sa\u00fade ser\u00e3o disponibilizados atendimentos em diversas \u00e1reas, como ginecologia, cardiologia, Raio X, eletro, ultrassom, mamografia, nutricionista, preventivo, odont\u00f3logo e urologista, informou o prefeito Miller Ferraz.<\/p>\n<p><strong><em>Por Davi Ferraz\u00a0<\/em><\/strong><\/p>\n","protected":false},"excerpt":{"rendered":"<p>Em parceria com a Funda\u00e7\u00e3o Jos\u00e9 Silveira, a Prefeitura Municipal de Macarani realiza nesta ter\u00e7a e quarta (8 e 9), no Largo de S\u00e3o Pedro, uma grande Feira de Sa\u00fade que atender\u00e1 toda a popula\u00e7\u00e3o do munic\u00edpio, incluindo moradores da zona rural e distritos. Em contato com o Sudoeste Hoje, o prefeito Miller Ferraz reafirmou [&hellip;]<\/p>\n","protected":false},"author":2,"featured_media":71925,"comment_status":"open","ping_status":"open","sticky":false,"template":"","format":"standard","meta":{"footnotes":"","_links_to":"","_links_to_target":""},"categories":[1],"tags":[],"class_list":["post-71923","post","type-post","status-publish","format-standard","has-post-thumbnail","hentry","category-geral"],"views":1074,"_links":{"self":[{"href":"https:\/\/www.sudoestehoje.com.br\/novoportal\/wp-json\/wp\/v2\/posts\/71923","targetHints":{"allow":["GET"]}}],"collection":[{"href":"https:\/\/www.sudoestehoje.com.br\/novoportal\/wp-json\/wp\/v2\/posts"}],"about":[{"href":"https:\/\/www.sudoestehoje.com.br\/novoportal\/wp-json\/wp\/v2\/types\/post"}],"author":[{"embeddable":true,"href":"https:\/\/www.sudoestehoje.com.br\/novoportal\/wp-json\/wp\/v2\/users\/2"}],"replies":[{"embeddable":true,"href":"https:\/\/www.sudoestehoje.com.br\/novoportal\/wp-json\/wp\/v2\/comments?post=71923"}],"version-history":[{"count":2,"href":"https:\/\/www.sudoestehoje.com.br\/novoportal\/wp-json\/wp\/v2\/posts\/71923\/revisions"}],"predecessor-version":[{"id":71926,"href":"https:\/\/www.sudoestehoje.com.br\/novoportal\/wp-json\/wp\/v2\/posts\/71923\/revisions\/71926"}],"wp:featuredmedia":[{"embeddable":true,"href":"https:\/\/www.sudoestehoje.com.br\/novoportal\/wp-json\/wp\/v2\/media\/71925"}],"wp:attachment":[{"href":"https:\/\/www.sudoestehoje.com.br\/novoportal\/wp-json\/wp\/v2\/media?parent=71923"}],"wp:term":[{"taxonomy":"category","embeddable":true,"href":"https:\/\/www.sudoestehoje.com.br\/novoportal\/wp-json\/wp\/v2\/categories?post=71923"},{"taxonomy":"post_tag","embeddable":true,"href":"https:\/\/www.sudoestehoje.com.br\/novoportal\/wp-json\/wp\/v2\/tags?post=71923"}],"curies":[{"name":"wp","href":"https:\/\/api.w.org\/{rel}","templated":true}]}}