
{"id":71916,"date":"2018-05-07T21:24:46","date_gmt":"2018-05-08T00:24:46","guid":{"rendered":"http:\/\/www.sudoestehoje.com.br\/novoportal\/?p=71916"},"modified":"2018-05-07T21:25:26","modified_gmt":"2018-05-08T00:25:26","slug":"dr-jose-otavio-pode-coordenar-campanha-de-ze-ronaldo-ao-governo-na-regiao","status":"publish","type":"post","link":"https:\/\/www.sudoestehoje.com.br\/novoportal\/2018\/05\/07\/dr-jose-otavio-pode-coordenar-campanha-de-ze-ronaldo-ao-governo-na-regiao\/","title":{"rendered":"DR. JOS\u00c9 OT\u00c1VIO DEVE COORDENAR CAMPANHA DE Z\u00c9 RONALDO AO GOVERNO NA REGI\u00c3O"},"content":{"rendered":"<p><a href=\"http:\/\/www.sudoestehoje.com.br\/novoportal\/wp-content\/uploads\/2018\/05\/Z\u00e9-Ot\u00e1vio.jpg\"><img loading=\"lazy\" decoding=\"async\" class=\"aligncenter size-medium wp-image-71918\" src=\"http:\/\/www.sudoestehoje.com.br\/novoportal\/wp-content\/uploads\/2018\/05\/Z\u00e9-Ot\u00e1vio-500x329.jpg\" alt=\"\" width=\"500\" height=\"329\" srcset=\"https:\/\/www.sudoestehoje.com.br\/novoportal\/wp-content\/uploads\/2018\/05\/Z\u00e9-Ot\u00e1vio-500x329.jpg 500w, https:\/\/www.sudoestehoje.com.br\/novoportal\/wp-content\/uploads\/2018\/05\/Z\u00e9-Ot\u00e1vio-768x505.jpg 768w, https:\/\/www.sudoestehoje.com.br\/novoportal\/wp-content\/uploads\/2018\/05\/Z\u00e9-Ot\u00e1vio-700x460.jpg 700w, https:\/\/www.sudoestehoje.com.br\/novoportal\/wp-content\/uploads\/2018\/05\/Z\u00e9-Ot\u00e1vio.jpg 960w\" sizes=\"auto, (max-width: 500px) 100vw, 500px\" \/><\/a><\/p>\n<p>Maior lideran\u00e7a do Democratas no M\u00e9dio Sudoeste Baiano, o ex-prefeito Jos\u00e9 Ot\u00e1vio Curvelo deve ser o coordenador da campanha do candidato do DEM ao governo do estado, Jos\u00e9 Ronaldo, ex-prefeito de Feira de Santana que se afastou do cargo para assumir a candidatura.<\/p>\n<p>O assunto foi discutido nesta segunda-feira, na capital do estado, em reuni\u00e3o o com o pr\u00e9-candidato Jos\u00e9 Ronaldo e outras lideran\u00e7as do DEM na Bahia, dentre eles o deputado federal Jos\u00e9 Carlos Aleluia, o deputado estadual Sandro R\u00e9gis e o ex-deputado estadual Heraldo Rocha.<\/p>\n<p>Segundo informa\u00e7\u00f5es, Dr. Jos\u00e9 Ot\u00e1vio Curvelo tratou de assuntos relacionados \u00e0 estrutura\u00e7\u00e3o da pr\u00e9-campanha e da agenda de Jos\u00e9 Ronaldo na regi\u00e3o, alinhando o partido em Itapetinga \u00e0 Executiva Estadual.<\/p>\n<p>Na pr\u00f3xima ter\u00e7a-feira, \u00e0s 17h, o Democratas estar\u00e1 promovendo um &#8216;Encontro de Mobilizadores&#8217;, na C\u00e2mara de Vereadores de Itapetinga, evento que ser\u00e1 aberto a todas as lideran\u00e7as que est\u00e3o se alinhando a pr\u00e9-campanha do partido em Itapetinga e regi\u00e3o.<\/p>\n<p><em><strong>Reda\u00e7\u00e3o<\/strong><\/em><\/p>\n","protected":false},"excerpt":{"rendered":"<p>Maior lideran\u00e7a do Democratas no M\u00e9dio Sudoeste Baiano, o ex-prefeito Jos\u00e9 Ot\u00e1vio Curvelo deve ser o coordenador da campanha do candidato do DEM ao governo do estado, Jos\u00e9 Ronaldo, ex-prefeito de Feira de Santana que se afastou do cargo para assumir a candidatura. O assunto foi discutido nesta segunda-feira, na capital do estado, em reuni\u00e3o [&hellip;]<\/p>\n","protected":false},"author":2,"featured_media":71918,"comment_status":"open","ping_status":"open","sticky":false,"template":"","format":"standard","meta":{"footnotes":"","_links_to":"","_links_to_target":""},"categories":[1],"tags":[],"class_list":["post-71916","post","type-post","status-publish","format-standard","has-post-thumbnail","hentry","category-geral"],"views":1758,"_links":{"self":[{"href":"https:\/\/www.sudoestehoje.com.br\/novoportal\/wp-json\/wp\/v2\/posts\/71916","targetHints":{"allow":["GET"]}}],"collection":[{"href":"https:\/\/www.sudoestehoje.com.br\/novoportal\/wp-json\/wp\/v2\/posts"}],"about":[{"href":"https:\/\/www.sudoestehoje.com.br\/novoportal\/wp-json\/wp\/v2\/types\/post"}],"author":[{"embeddable":true,"href":"https:\/\/www.sudoestehoje.com.br\/novoportal\/wp-json\/wp\/v2\/users\/2"}],"replies":[{"embeddable":true,"href":"https:\/\/www.sudoestehoje.com.br\/novoportal\/wp-json\/wp\/v2\/comments?post=71916"}],"version-history":[{"count":5,"href":"https:\/\/www.sudoestehoje.com.br\/novoportal\/wp-json\/wp\/v2\/posts\/71916\/revisions"}],"predecessor-version":[{"id":71922,"href":"https:\/\/www.sudoestehoje.com.br\/novoportal\/wp-json\/wp\/v2\/posts\/71916\/revisions\/71922"}],"wp:featuredmedia":[{"embeddable":true,"href":"https:\/\/www.sudoestehoje.com.br\/novoportal\/wp-json\/wp\/v2\/media\/71918"}],"wp:attachment":[{"href":"https:\/\/www.sudoestehoje.com.br\/novoportal\/wp-json\/wp\/v2\/media?parent=71916"}],"wp:term":[{"taxonomy":"category","embeddable":true,"href":"https:\/\/www.sudoestehoje.com.br\/novoportal\/wp-json\/wp\/v2\/categories?post=71916"},{"taxonomy":"post_tag","embeddable":true,"href":"https:\/\/www.sudoestehoje.com.br\/novoportal\/wp-json\/wp\/v2\/tags?post=71916"}],"curies":[{"name":"wp","href":"https:\/\/api.w.org\/{rel}","templated":true}]}}