
{"id":71908,"date":"2018-05-07T08:55:46","date_gmt":"2018-05-07T11:55:46","guid":{"rendered":"http:\/\/www.sudoestehoje.com.br\/novoportal\/?p=71908"},"modified":"2018-05-07T08:55:46","modified_gmt":"2018-05-07T11:55:46","slug":"pedro-tavares-visita-feira-do-primavera","status":"publish","type":"post","link":"https:\/\/www.sudoestehoje.com.br\/novoportal\/2018\/05\/07\/pedro-tavares-visita-feira-do-primavera\/","title":{"rendered":"PEDRO TAVARES VISITA FEIRA DO PRIMAVERA"},"content":{"rendered":"<p><a href=\"http:\/\/www.sudoestehoje.com.br\/novoportal\/wp-content\/uploads\/2018\/05\/feira.jpg\"><img loading=\"lazy\" decoding=\"async\" class=\"aligncenter size-medium wp-image-71909\" src=\"http:\/\/www.sudoestehoje.com.br\/novoportal\/wp-content\/uploads\/2018\/05\/feira-500x333.jpg\" alt=\"\" width=\"500\" height=\"333\" srcset=\"https:\/\/www.sudoestehoje.com.br\/novoportal\/wp-content\/uploads\/2018\/05\/feira-500x333.jpg 500w, https:\/\/www.sudoestehoje.com.br\/novoportal\/wp-content\/uploads\/2018\/05\/feira-768x512.jpg 768w, https:\/\/www.sudoestehoje.com.br\/novoportal\/wp-content\/uploads\/2018\/05\/feira-700x467.jpg 700w, https:\/\/www.sudoestehoje.com.br\/novoportal\/wp-content\/uploads\/2018\/05\/feira.jpg 960w\" sizes=\"auto, (max-width: 500px) 100vw, 500px\" \/><\/a><\/p>\n<p>Ao lado de correligion\u00e1rios e amigos, o deputado estadual Pedro Tavares fez uma visita surpresa \u00e0 feirinha do bairro Primavera, em Itapetinga, na manh\u00e3 deste domingo (6), onde foi bem recebido pelos feirantes e frequentadores.<\/p>\n<p>Pedro passou de barraca em barraca e recebeu o carinho da popula\u00e7\u00e3o, que v\u00ea com bons olhos a renova\u00e7\u00e3o da pol\u00edtica no munic\u00edpio, sob o comando do jovem prefeito Rodrigo Hagge.<\/p>\n<p><a href=\"http:\/\/www.sudoestehoje.com.br\/novoportal\/wp-content\/uploads\/2018\/05\/feira-1.jpg\"><img loading=\"lazy\" decoding=\"async\" class=\"aligncenter size-medium wp-image-71910\" src=\"http:\/\/www.sudoestehoje.com.br\/novoportal\/wp-content\/uploads\/2018\/05\/feira-1-500x333.jpg\" alt=\"\" width=\"500\" height=\"333\" srcset=\"https:\/\/www.sudoestehoje.com.br\/novoportal\/wp-content\/uploads\/2018\/05\/feira-1-500x333.jpg 500w, https:\/\/www.sudoestehoje.com.br\/novoportal\/wp-content\/uploads\/2018\/05\/feira-1-768x512.jpg 768w, https:\/\/www.sudoestehoje.com.br\/novoportal\/wp-content\/uploads\/2018\/05\/feira-1-700x467.jpg 700w, https:\/\/www.sudoestehoje.com.br\/novoportal\/wp-content\/uploads\/2018\/05\/feira-1.jpg 960w\" sizes=\"auto, (max-width: 500px) 100vw, 500px\" \/><\/a><\/p>\n<p>Um feirante mais entusiasmado, que ainda n\u00e3o conhecia pessoalmente o deputado, chegou a exclamar: <em>&#8220;Se ele \u00e9 o escolhido pelo &#8216;saru\u00ea&#8217;, \u00e9 o nosso deputado tamb\u00e9m. Tamo junto!&#8221;.<\/em><\/p>\n<p>Pedro Tavares chega forte em Itapetinga, com apoio total do MDB e parcela expressiva do Democratas, e deve ser o deputado estadual mais votado em Itapetinga, nas elei\u00e7\u00f5es de outubro.<\/p>\n<p><strong><em>Reda\u00e7\u00e3o<\/em><\/strong><\/p>\n","protected":false},"excerpt":{"rendered":"<p>Ao lado de correligion\u00e1rios e amigos, o deputado estadual Pedro Tavares fez uma visita surpresa \u00e0 feirinha do bairro Primavera, em Itapetinga, na manh\u00e3 deste domingo (6), onde foi bem recebido pelos feirantes e frequentadores. Pedro passou de barraca em barraca e recebeu o carinho da popula\u00e7\u00e3o, que v\u00ea com bons olhos a renova\u00e7\u00e3o da [&hellip;]<\/p>\n","protected":false},"author":2,"featured_media":71909,"comment_status":"open","ping_status":"open","sticky":false,"template":"","format":"standard","meta":{"footnotes":"","_links_to":"","_links_to_target":""},"categories":[1],"tags":[],"class_list":["post-71908","post","type-post","status-publish","format-standard","has-post-thumbnail","hentry","category-geral"],"views":1389,"_links":{"self":[{"href":"https:\/\/www.sudoestehoje.com.br\/novoportal\/wp-json\/wp\/v2\/posts\/71908","targetHints":{"allow":["GET"]}}],"collection":[{"href":"https:\/\/www.sudoestehoje.com.br\/novoportal\/wp-json\/wp\/v2\/posts"}],"about":[{"href":"https:\/\/www.sudoestehoje.com.br\/novoportal\/wp-json\/wp\/v2\/types\/post"}],"author":[{"embeddable":true,"href":"https:\/\/www.sudoestehoje.com.br\/novoportal\/wp-json\/wp\/v2\/users\/2"}],"replies":[{"embeddable":true,"href":"https:\/\/www.sudoestehoje.com.br\/novoportal\/wp-json\/wp\/v2\/comments?post=71908"}],"version-history":[{"count":2,"href":"https:\/\/www.sudoestehoje.com.br\/novoportal\/wp-json\/wp\/v2\/posts\/71908\/revisions"}],"predecessor-version":[{"id":71912,"href":"https:\/\/www.sudoestehoje.com.br\/novoportal\/wp-json\/wp\/v2\/posts\/71908\/revisions\/71912"}],"wp:featuredmedia":[{"embeddable":true,"href":"https:\/\/www.sudoestehoje.com.br\/novoportal\/wp-json\/wp\/v2\/media\/71909"}],"wp:attachment":[{"href":"https:\/\/www.sudoestehoje.com.br\/novoportal\/wp-json\/wp\/v2\/media?parent=71908"}],"wp:term":[{"taxonomy":"category","embeddable":true,"href":"https:\/\/www.sudoestehoje.com.br\/novoportal\/wp-json\/wp\/v2\/categories?post=71908"},{"taxonomy":"post_tag","embeddable":true,"href":"https:\/\/www.sudoestehoje.com.br\/novoportal\/wp-json\/wp\/v2\/tags?post=71908"}],"curies":[{"name":"wp","href":"https:\/\/api.w.org\/{rel}","templated":true}]}}