
{"id":7190,"date":"2011-08-03T09:33:17","date_gmt":"2011-08-03T12:33:17","guid":{"rendered":"http:\/\/www.sudoestehoje.com.br\/novoportal\/?p=7190"},"modified":"2011-08-03T09:33:17","modified_gmt":"2011-08-03T12:33:17","slug":"candidatura","status":"publish","type":"post","link":"https:\/\/www.sudoestehoje.com.br\/novoportal\/2011\/08\/03\/candidatura\/","title":{"rendered":"CANDIDATURA"},"content":{"rendered":"<p><a id=\"apf2\" href=\"http:\/\/www.google.com.br\/imgres?imgurl=http:\/\/www.sudoestehoje.com.br\/novoportal\/wp-content\/uploads\/2010\/11\/100_41591.jpg&amp;imgrefurl=http:\/\/www.sudoestehoje.com.br\/novoportal\/2010\/11\/27\/&amp;usg=__ro7nGKD_J4Mdw0Dwbu2hwnyJSRk=&amp;h=2748&amp;w=3664&amp;sz=1364&amp;hl=pt-BR&amp;start=3&amp;zoom=1&amp;um=1&amp;itbs=1&amp;tbnid=JJAklhNijKSewM:&amp;tbnh=113&amp;tbnw=150&amp;prev=\/search%3Fq%3DJOS%25C3%2589%2BELIAS%2BRIBEIRO%26um%3D1%26hl%3Dpt-BR%26sa%3DG%26rlz%3D1T4SKPB_pt-BRBR354BR359%26tbm%3Disch&amp;ei=yD85TqGLNMOtgQeIn-XOBg\"><img loading=\"lazy\" decoding=\"async\" id=\"ipfJJAklhNijKSewM:\" class=\"alignleft\" src=\"http:\/\/t0.gstatic.com\/images?q=tbn:ANd9GcR5XcGyfNaYEqbXWKoIALEaAkZ1Sr2-ENNN6fDDtiyrKd__iAtcW0LEhrX1\" alt=\"\" width=\"150\" height=\"113\" \/><\/a>Come\u00e7a as articula\u00e7\u00f5es para definir pr\u00e9-candidaturas de oposi\u00e7\u00e3o ao Prefeito Jos\u00e9 Carlos. \u00c9 natural que todo agrupamento pol\u00edtico apresente \u201cnomes\u201d que possam postular uma chance de disputar o pleito. A novidade na constru\u00e7\u00e3o de uma candidatura \u00e9 que n\u00e3o \u00e9 mais poss\u00edvel retirar do \u201cbolso\u201d um \u201cnome\u201d e por for\u00e7a de alguma lideran\u00e7a impor candidato. Este tempo j\u00e1 passou e n\u00e3o volta mais. Quem quiser ser candidato ter\u00e1 que viabilizar um projeto pol\u00edtico e financeiro para conseguir disputar o pleito com alguma chance de sucesso.<\/p>\n<p>O candidato \u201cmais\u201d forte da oposi\u00e7\u00e3o, segundo as pesquisas, seria Dr. Jos\u00e9 Ot\u00e1vio. Como o ex-prefeito vem reiteradas vezes afirmando que n\u00e3o ser\u00e1 candidato abrem-se perspectivas m\u00faltiplas para os \u201cnomes\u201d colocados como pr\u00e9-candidatos.<\/p>\n<p>O maior erro pol\u00edtico que os opositores do Prefeito podem cometer, seria o lan\u00e7amento de mais de uma candidatura oposicionista. No momento atual a parcela de pessoas descontentes com a gest\u00e3o municipal \u00e9 bem maior do que a parcela de pessoas satisfeitas querendo a continuidade do governo. Por que ent\u00e3o dividir a parcela da popula\u00e7\u00e3o descontente por dois candidatos oposicionistas?<\/p>\n<p>\u00c9 preciso que as lideran\u00e7as que se dizem oposicionistas consigam negociam um projeto pol\u00edtico e administrativo aceit\u00e1vel para todos. Se n\u00e3o for poss\u00edvel construir candidatura oposicionista \u00fanica para representar a parcela da popula\u00e7\u00e3o que deseja renova\u00e7\u00e3o, as lideran\u00e7as que se dizem oposicionistas estar\u00e3o facilitando a \u201cvida\u201d do Prefeito, que na tentativa de reelei\u00e7\u00e3o ter\u00e1 o apoio do governo Estadual e do governo Federal.<\/p>\n<p>A pr\u00f3xima elei\u00e7\u00e3o deve ser transformada em plebiscito. De um lado os que querem continuar por mais quatro anos com este governo, e do outro lado, os que querem mudar este governo.<\/p>\n<p><em><strong>Por JOS\u00c9 ELIAS RIBEIRO<\/strong><\/em><\/p>\n","protected":false},"excerpt":{"rendered":"<p>Come\u00e7a as articula\u00e7\u00f5es para definir pr\u00e9-candidaturas de oposi\u00e7\u00e3o ao Prefeito Jos\u00e9 Carlos. \u00c9 natural que todo agrupamento pol\u00edtico apresente \u201cnomes\u201d que possam postular uma chance de disputar o pleito. A novidade na constru\u00e7\u00e3o de uma candidatura \u00e9 que n\u00e3o \u00e9 mais poss\u00edvel retirar do \u201cbolso\u201d um \u201cnome\u201d e por for\u00e7a de alguma lideran\u00e7a impor candidato. [&hellip;]<\/p>\n","protected":false},"author":2,"featured_media":0,"comment_status":"open","ping_status":"open","sticky":false,"template":"","format":"standard","meta":{"footnotes":"","_links_to":"","_links_to_target":""},"categories":[1],"tags":[],"class_list":["post-7190","post","type-post","status-publish","format-standard","hentry","category-geral"],"views":2005,"_links":{"self":[{"href":"https:\/\/www.sudoestehoje.com.br\/novoportal\/wp-json\/wp\/v2\/posts\/7190","targetHints":{"allow":["GET"]}}],"collection":[{"href":"https:\/\/www.sudoestehoje.com.br\/novoportal\/wp-json\/wp\/v2\/posts"}],"about":[{"href":"https:\/\/www.sudoestehoje.com.br\/novoportal\/wp-json\/wp\/v2\/types\/post"}],"author":[{"embeddable":true,"href":"https:\/\/www.sudoestehoje.com.br\/novoportal\/wp-json\/wp\/v2\/users\/2"}],"replies":[{"embeddable":true,"href":"https:\/\/www.sudoestehoje.com.br\/novoportal\/wp-json\/wp\/v2\/comments?post=7190"}],"version-history":[{"count":3,"href":"https:\/\/www.sudoestehoje.com.br\/novoportal\/wp-json\/wp\/v2\/posts\/7190\/revisions"}],"predecessor-version":[{"id":7193,"href":"https:\/\/www.sudoestehoje.com.br\/novoportal\/wp-json\/wp\/v2\/posts\/7190\/revisions\/7193"}],"wp:attachment":[{"href":"https:\/\/www.sudoestehoje.com.br\/novoportal\/wp-json\/wp\/v2\/media?parent=7190"}],"wp:term":[{"taxonomy":"category","embeddable":true,"href":"https:\/\/www.sudoestehoje.com.br\/novoportal\/wp-json\/wp\/v2\/categories?post=7190"},{"taxonomy":"post_tag","embeddable":true,"href":"https:\/\/www.sudoestehoje.com.br\/novoportal\/wp-json\/wp\/v2\/tags?post=7190"}],"curies":[{"name":"wp","href":"https:\/\/api.w.org\/{rel}","templated":true}]}}