
{"id":719,"date":"2010-09-30T00:10:47","date_gmt":"2010-09-30T03:10:47","guid":{"rendered":"http:\/\/sudoestehoje.tempsite.ws\/novoportal\/?p=719"},"modified":"2010-09-30T00:10:47","modified_gmt":"2010-09-30T03:10:47","slug":"policia-federal-flagra-ambulancia-do-samu-192-em-carreata","status":"publish","type":"post","link":"https:\/\/www.sudoestehoje.com.br\/novoportal\/2010\/09\/30\/policia-federal-flagra-ambulancia-do-samu-192-em-carreata\/","title":{"rendered":"POLICIA FEDERAL FLAGRA AMBUL\u00c2NCIA DO SAMU 192 EM CARREATA"},"content":{"rendered":"<p style=\"text-align: center;\"><img decoding=\"async\" src=\"http:\/\/1.bp.blogspot.com\/_bgLChBlK428\/TD8I4i0dKJI\/AAAAAAAAA8M\/sUdXnoVq0cc\/s1600\/samu.jpg\" alt=\"\" \/><\/p>\n<p>A Pol\u00edcia Federal de Vit\u00f3ria da Conquista flagrou o uso de uma ambul\u00e2ncia municipal e de uma unidade do SAMU (Sistema de Atendimento M\u00f3vel de Urg\u00eancia), em uma carreata eleitoral em Manoel Vitorino, no sudoeste baiano. Segundo a PF, diversos ve\u00edculos traziam materiais alusivos a campanha de candidatos a deputado estadual e federal. A carreata, o uso dos bens p\u00fablicos foram filmados e fotografados para o encaminhamento \u00e0 Justi\u00e7a Eleitoral. Caso fique caracterizado o uso promocional de bem p\u00fablico em favor de candidato, partido pol\u00edtico ou coliga\u00e7\u00e3o, os respons\u00e1veis poder\u00e3o ser condenados a at\u00e9 R$ 200.000,00 de multa, al\u00e9m da cassa\u00e7\u00e3o do registro ou do diploma do candidato beneficiado. Blog do Anderson<\/p>\n","protected":false},"excerpt":{"rendered":"<p>A Pol\u00edcia Federal de Vit\u00f3ria da Conquista flagrou o uso de uma ambul\u00e2ncia municipal e de uma unidade do SAMU (Sistema de Atendimento M\u00f3vel de Urg\u00eancia), em uma carreata eleitoral em Manoel Vitorino, no sudoeste baiano. Segundo a PF, diversos ve\u00edculos traziam materiais alusivos a campanha de candidatos a deputado estadual e federal. A carreata, [&hellip;]<\/p>\n","protected":false},"author":2,"featured_media":0,"comment_status":"open","ping_status":"open","sticky":false,"template":"","format":"standard","meta":{"footnotes":"","_links_to":"","_links_to_target":""},"categories":[1],"tags":[],"class_list":["post-719","post","type-post","status-publish","format-standard","hentry","category-geral"],"views":1917,"_links":{"self":[{"href":"https:\/\/www.sudoestehoje.com.br\/novoportal\/wp-json\/wp\/v2\/posts\/719","targetHints":{"allow":["GET"]}}],"collection":[{"href":"https:\/\/www.sudoestehoje.com.br\/novoportal\/wp-json\/wp\/v2\/posts"}],"about":[{"href":"https:\/\/www.sudoestehoje.com.br\/novoportal\/wp-json\/wp\/v2\/types\/post"}],"author":[{"embeddable":true,"href":"https:\/\/www.sudoestehoje.com.br\/novoportal\/wp-json\/wp\/v2\/users\/2"}],"replies":[{"embeddable":true,"href":"https:\/\/www.sudoestehoje.com.br\/novoportal\/wp-json\/wp\/v2\/comments?post=719"}],"version-history":[{"count":2,"href":"https:\/\/www.sudoestehoje.com.br\/novoportal\/wp-json\/wp\/v2\/posts\/719\/revisions"}],"predecessor-version":[{"id":721,"href":"https:\/\/www.sudoestehoje.com.br\/novoportal\/wp-json\/wp\/v2\/posts\/719\/revisions\/721"}],"wp:attachment":[{"href":"https:\/\/www.sudoestehoje.com.br\/novoportal\/wp-json\/wp\/v2\/media?parent=719"}],"wp:term":[{"taxonomy":"category","embeddable":true,"href":"https:\/\/www.sudoestehoje.com.br\/novoportal\/wp-json\/wp\/v2\/categories?post=719"},{"taxonomy":"post_tag","embeddable":true,"href":"https:\/\/www.sudoestehoje.com.br\/novoportal\/wp-json\/wp\/v2\/tags?post=719"}],"curies":[{"name":"wp","href":"https:\/\/api.w.org\/{rel}","templated":true}]}}