
{"id":71890,"date":"2018-05-06T09:41:06","date_gmt":"2018-05-06T12:41:06","guid":{"rendered":"http:\/\/www.sudoestehoje.com.br\/novoportal\/?p=71890"},"modified":"2018-05-06T09:41:06","modified_gmt":"2018-05-06T12:41:06","slug":"correios-vao-fechar-513-agencias-e-demitir-5-300-funcionario-em-todo-o-pais","status":"publish","type":"post","link":"https:\/\/www.sudoestehoje.com.br\/novoportal\/2018\/05\/06\/correios-vao-fechar-513-agencias-e-demitir-5-300-funcionario-em-todo-o-pais\/","title":{"rendered":"CORREIOS V\u00c3O FECHAR 513 AG\u00caNCIAS E DEMITIR 5.300 FUNCION\u00c1RIO EM TODO O PA\u00cdS"},"content":{"rendered":"<p><a href=\"http:\/\/www.sudoestehoje.com.br\/novoportal\/wp-content\/uploads\/2018\/05\/CORREIOS-1.jpg\"><img loading=\"lazy\" decoding=\"async\" class=\"aligncenter size-medium wp-image-71892\" src=\"http:\/\/www.sudoestehoje.com.br\/novoportal\/wp-content\/uploads\/2018\/05\/CORREIOS-1-500x286.jpg\" alt=\"\" width=\"500\" height=\"286\" srcset=\"https:\/\/www.sudoestehoje.com.br\/novoportal\/wp-content\/uploads\/2018\/05\/CORREIOS-1-500x286.jpg 500w, https:\/\/www.sudoestehoje.com.br\/novoportal\/wp-content\/uploads\/2018\/05\/CORREIOS-1-768x439.jpg 768w, https:\/\/www.sudoestehoje.com.br\/novoportal\/wp-content\/uploads\/2018\/05\/CORREIOS-1-700x400.jpg 700w, https:\/\/www.sudoestehoje.com.br\/novoportal\/wp-content\/uploads\/2018\/05\/CORREIOS-1.jpg 1024w\" sizes=\"auto, (max-width: 500px) 100vw, 500px\" \/><\/a><\/p>\n<p>Os Correios decidiram fechar nos pr\u00f3ximos meses 513 ag\u00eancias pr\u00f3prias e demitir os funcion\u00e1rios que trabalham nelas, o que deve atingir 5.300 pessoas. A medida foi aprovada em reuni\u00e3o da diretoria em fevereiro e \u00e9 mantida em sigilo pela empresa.<\/p>\n<p>Quem participou dela teve de assinar um termo de confidencialidade, o que n\u00e3o \u00e9 usual. Na lista h\u00e1 ag\u00eancias com alto faturamento. Em Minas, das 20 mais rent\u00e1veis, 14 deixar\u00e3o de funcionar. Os clientes ser\u00e3o atendidos por ag\u00eancias franqueadas que funcionam nas proximidades das que ser\u00e3o fechadas.<\/p>\n<p>Em S\u00e3o Paulo, ser\u00e3o fechadas 167 ag\u00eancias \u2013 90 na capital e 77 no interior. A decis\u00e3o causa pol\u00eamica dentro dos Correios. O assunto foi tratado como extra-pauta na reuni\u00e3o da diretoria sem o anexo da rela\u00e7\u00e3o de ag\u00eancias. A desconfian\u00e7a \u00e9 de que a medida foi tomada para beneficiar os franqueados. \/\/<em>Estad\u00e3o<\/em><\/p>\n","protected":false},"excerpt":{"rendered":"<p>Os Correios decidiram fechar nos pr\u00f3ximos meses 513 ag\u00eancias pr\u00f3prias e demitir os funcion\u00e1rios que trabalham nelas, o que deve atingir 5.300 pessoas. A medida foi aprovada em reuni\u00e3o da diretoria em fevereiro e \u00e9 mantida em sigilo pela empresa. Quem participou dela teve de assinar um termo de confidencialidade, o que n\u00e3o \u00e9 usual. [&hellip;]<\/p>\n","protected":false},"author":2,"featured_media":71892,"comment_status":"open","ping_status":"open","sticky":false,"template":"","format":"standard","meta":{"footnotes":"","_links_to":"","_links_to_target":""},"categories":[1],"tags":[],"class_list":["post-71890","post","type-post","status-publish","format-standard","has-post-thumbnail","hentry","category-geral"],"views":1301,"_links":{"self":[{"href":"https:\/\/www.sudoestehoje.com.br\/novoportal\/wp-json\/wp\/v2\/posts\/71890","targetHints":{"allow":["GET"]}}],"collection":[{"href":"https:\/\/www.sudoestehoje.com.br\/novoportal\/wp-json\/wp\/v2\/posts"}],"about":[{"href":"https:\/\/www.sudoestehoje.com.br\/novoportal\/wp-json\/wp\/v2\/types\/post"}],"author":[{"embeddable":true,"href":"https:\/\/www.sudoestehoje.com.br\/novoportal\/wp-json\/wp\/v2\/users\/2"}],"replies":[{"embeddable":true,"href":"https:\/\/www.sudoestehoje.com.br\/novoportal\/wp-json\/wp\/v2\/comments?post=71890"}],"version-history":[{"count":2,"href":"https:\/\/www.sudoestehoje.com.br\/novoportal\/wp-json\/wp\/v2\/posts\/71890\/revisions"}],"predecessor-version":[{"id":71894,"href":"https:\/\/www.sudoestehoje.com.br\/novoportal\/wp-json\/wp\/v2\/posts\/71890\/revisions\/71894"}],"wp:featuredmedia":[{"embeddable":true,"href":"https:\/\/www.sudoestehoje.com.br\/novoportal\/wp-json\/wp\/v2\/media\/71892"}],"wp:attachment":[{"href":"https:\/\/www.sudoestehoje.com.br\/novoportal\/wp-json\/wp\/v2\/media?parent=71890"}],"wp:term":[{"taxonomy":"category","embeddable":true,"href":"https:\/\/www.sudoestehoje.com.br\/novoportal\/wp-json\/wp\/v2\/categories?post=71890"},{"taxonomy":"post_tag","embeddable":true,"href":"https:\/\/www.sudoestehoje.com.br\/novoportal\/wp-json\/wp\/v2\/tags?post=71890"}],"curies":[{"name":"wp","href":"https:\/\/api.w.org\/{rel}","templated":true}]}}