
{"id":71872,"date":"2018-05-06T09:12:02","date_gmt":"2018-05-06T12:12:02","guid":{"rendered":"http:\/\/www.sudoestehoje.com.br\/novoportal\/?p=71872"},"modified":"2018-05-06T09:30:46","modified_gmt":"2018-05-06T12:30:46","slug":"itapetinga-pedro-tavares-recebe-adesoes-de-liderancas-importantes-do-democratas","status":"publish","type":"post","link":"https:\/\/www.sudoestehoje.com.br\/novoportal\/2018\/05\/06\/itapetinga-pedro-tavares-recebe-adesoes-de-liderancas-importantes-do-democratas\/","title":{"rendered":"ITAPETINGA: PEDRO TAVARES RECEBE ADES\u00d5ES DE LIDERAN\u00c7AS IMPORTANTES DO DEMOCRATAS"},"content":{"rendered":"<p><strong>COMO NA ELEI\u00c7\u00c3O DE 2014, DEM DE ITAPETINGA APOIAR\u00c1 DOIS CANDIDATOS A DEPUTADO ESTADUAL; PEDRO TAVARES RECEBEU IMPORTANTES ADES\u00d5ES NESTE S\u00c1BADO<\/strong><\/p>\n<p><a href=\"http:\/\/www.sudoestehoje.com.br\/novoportal\/wp-content\/uploads\/2018\/05\/D-1.jpg\"><img loading=\"lazy\" decoding=\"async\" class=\"aligncenter size-medium wp-image-71878\" src=\"http:\/\/www.sudoestehoje.com.br\/novoportal\/wp-content\/uploads\/2018\/05\/D-1-500x375.jpg\" alt=\"\" width=\"500\" height=\"375\" srcset=\"https:\/\/www.sudoestehoje.com.br\/novoportal\/wp-content\/uploads\/2018\/05\/D-1-500x375.jpg 500w, https:\/\/www.sudoestehoje.com.br\/novoportal\/wp-content\/uploads\/2018\/05\/D-1-768x576.jpg 768w, https:\/\/www.sudoestehoje.com.br\/novoportal\/wp-content\/uploads\/2018\/05\/D-1-700x525.jpg 700w, https:\/\/www.sudoestehoje.com.br\/novoportal\/wp-content\/uploads\/2018\/05\/D-1.jpg 960w\" sizes=\"auto, (max-width: 500px) 100vw, 500px\" \/><\/a><\/p>\n<p>Tamb\u00e9m em 2018 o partido Democratas-DEM de Itapetinga apoiar\u00e1 dois candidatos a deputado estadual. Parte dos integrantes do partido declarou apoio ao Deputado Sandro R\u00e9gis. Agora, liderados pelo Presidente licenciado do DEM, Prof. Geraldo Trindade (Secret\u00e1rio Municipal de Educa\u00e7\u00e3o), parcela significativa do DEM declarou apoio \u00e0 pr\u00e9-candidatura do Deputado Estadual Pedro Tavares (DEM), apoiado tamb\u00e9m pelo prefeito Rodrigo Hagge (MDB).<\/p>\n<p><a href=\"http:\/\/www.sudoestehoje.com.br\/novoportal\/wp-content\/uploads\/2018\/05\/D-6.jpg\"><img loading=\"lazy\" decoding=\"async\" class=\"aligncenter size-medium wp-image-71884\" src=\"http:\/\/www.sudoestehoje.com.br\/novoportal\/wp-content\/uploads\/2018\/05\/D-6-500x375.jpg\" alt=\"\" width=\"500\" height=\"375\" srcset=\"https:\/\/www.sudoestehoje.com.br\/novoportal\/wp-content\/uploads\/2018\/05\/D-6-500x375.jpg 500w, https:\/\/www.sudoestehoje.com.br\/novoportal\/wp-content\/uploads\/2018\/05\/D-6-768x576.jpg 768w, https:\/\/www.sudoestehoje.com.br\/novoportal\/wp-content\/uploads\/2018\/05\/D-6-700x525.jpg 700w, https:\/\/www.sudoestehoje.com.br\/novoportal\/wp-content\/uploads\/2018\/05\/D-6.jpg 960w\" sizes=\"auto, (max-width: 500px) 100vw, 500px\" \/><\/a><\/p>\n<p>Em um jantar de confraterniza\u00e7\u00e3o a maioria da c\u00fapula do Partido Democratas hipotecou apoio ao Deputado Pedro Tavares, que vem trabalhando incessantemente por Itapetinga em apoio \u00e0 administra\u00e7\u00e3o municipal.<\/p>\n<p><a href=\"http:\/\/www.sudoestehoje.com.br\/novoportal\/wp-content\/uploads\/2018\/05\/D-2.jpg\"><img loading=\"lazy\" decoding=\"async\" class=\"aligncenter size-medium wp-image-71879\" src=\"http:\/\/www.sudoestehoje.com.br\/novoportal\/wp-content\/uploads\/2018\/05\/D-2-500x375.jpg\" alt=\"\" width=\"500\" height=\"375\" srcset=\"https:\/\/www.sudoestehoje.com.br\/novoportal\/wp-content\/uploads\/2018\/05\/D-2-500x375.jpg 500w, https:\/\/www.sudoestehoje.com.br\/novoportal\/wp-content\/uploads\/2018\/05\/D-2-768x576.jpg 768w, https:\/\/www.sudoestehoje.com.br\/novoportal\/wp-content\/uploads\/2018\/05\/D-2-700x525.jpg 700w, https:\/\/www.sudoestehoje.com.br\/novoportal\/wp-content\/uploads\/2018\/05\/D-2.jpg 960w\" sizes=\"auto, (max-width: 500px) 100vw, 500px\" \/><\/a><\/p>\n<p>Segundo o Prof. Geraldo Trindade, n\u00e3o existe racha no partido, pois o DEM foi parte integrante na coaliz\u00e3o que deu a vit\u00f3ria aos candidatos Rodrigo Hagge e Renan Pereira, e continuam juntos por uma Itapetinga mais pr\u00f3spera. O DEM \u00e9 parte importante da administra\u00e7\u00e3o municipal e continuar\u00e1 marchando junto com Rodrigo, na constru\u00e7\u00e3o de uma cidade mais desenvolvida e igualit\u00e1ria. Da mesma forma como apoiou dois candidatos na elei\u00e7\u00e3o passada, apoiar\u00e1 dois candidatos neste pleito e s\u00f3 Itapetinga tem a ganhar com essa soma de for\u00e7as.<\/p>\n<p><a href=\"http:\/\/www.sudoestehoje.com.br\/novoportal\/wp-content\/uploads\/2018\/05\/D-3.jpg\"><img loading=\"lazy\" decoding=\"async\" class=\"aligncenter size-medium wp-image-71880\" src=\"http:\/\/www.sudoestehoje.com.br\/novoportal\/wp-content\/uploads\/2018\/05\/D-3-500x375.jpg\" alt=\"\" width=\"500\" height=\"375\" srcset=\"https:\/\/www.sudoestehoje.com.br\/novoportal\/wp-content\/uploads\/2018\/05\/D-3-500x375.jpg 500w, https:\/\/www.sudoestehoje.com.br\/novoportal\/wp-content\/uploads\/2018\/05\/D-3-768x576.jpg 768w, https:\/\/www.sudoestehoje.com.br\/novoportal\/wp-content\/uploads\/2018\/05\/D-3-700x525.jpg 700w, https:\/\/www.sudoestehoje.com.br\/novoportal\/wp-content\/uploads\/2018\/05\/D-3.jpg 960w\" sizes=\"auto, (max-width: 500px) 100vw, 500px\" \/><\/a><\/p>\n<p>A grande ades\u00e3o do DEM \u00e0 pr\u00e9-candidatura do Deputado Pedro Tavares surpreendeu at\u00e9 aos organizadores da reuni\u00e3o que contou com a presen\u00e7a do Prefeito Rodrigo Hagge, do Dep. Pedro Tavares, do Presidente Licenciado do DEM, Geraldo Trindade, do ex vice-prefeito e ex vice-presidente do DEM Jos\u00e9 Elias, do m\u00e9dico Pomp\u00edlio Espinheira, dos suplentes de vereador Juscelino Gomes e Antonio de Bandeira, do Pastor Gilberto Bahia, dos empres\u00e1rios Ideon Gon\u00e7alves, Altamirando Souto, Marcos Brasil, Maruelcio e Manoel Messias, Jos\u00e9 Martins, Jorge Farias, Saada e Alaide Farias, Paulo Adorno, Flavio Ferraz, Lissandro Ferraz, dos ex candidatos a vereador Ueliton Latino, Jos\u00e9 Oliveira (Bid\u00ea), Antonio e Nita, Marli, Sidenes, Keila, \u201cZ\u00e9 Magrinho\u201d, Orlando e Jo\u00e3o Rodrigo dentre outros.<\/p>\n<p><a href=\"http:\/\/www.sudoestehoje.com.br\/novoportal\/wp-content\/uploads\/2018\/05\/D-5.jpg\"><img loading=\"lazy\" decoding=\"async\" class=\"aligncenter size-medium wp-image-71883\" src=\"http:\/\/www.sudoestehoje.com.br\/novoportal\/wp-content\/uploads\/2018\/05\/D-5-500x375.jpg\" alt=\"\" width=\"500\" height=\"375\" srcset=\"https:\/\/www.sudoestehoje.com.br\/novoportal\/wp-content\/uploads\/2018\/05\/D-5-500x375.jpg 500w, https:\/\/www.sudoestehoje.com.br\/novoportal\/wp-content\/uploads\/2018\/05\/D-5-768x576.jpg 768w, https:\/\/www.sudoestehoje.com.br\/novoportal\/wp-content\/uploads\/2018\/05\/D-5-700x525.jpg 700w, https:\/\/www.sudoestehoje.com.br\/novoportal\/wp-content\/uploads\/2018\/05\/D-5.jpg 960w\" sizes=\"auto, (max-width: 500px) 100vw, 500px\" \/><\/a><\/p>\n<p>Segundo o Prefeito Rodrigo Hagge <em>\u201ca reuni\u00e3o foi de enorme satisfa\u00e7\u00e3o pelas presen\u00e7as e estamos agradecidos \u00e0 continuidade da parceria com o DEM, pois hoje demos a largada com o p\u00e9 direito \u00e0s elei\u00e7\u00f5es de 2018. S\u00f3 Itapetinga tem a ganhar com essa uni\u00e3o\u201d<\/em>.<\/p>\n<p><strong><em>Reda\u00e7\u00e3o<\/em><\/strong><\/p>\n","protected":false},"excerpt":{"rendered":"<p>COMO NA ELEI\u00c7\u00c3O DE 2014, DEM DE ITAPETINGA APOIAR\u00c1 DOIS CANDIDATOS A DEPUTADO ESTADUAL; PEDRO TAVARES RECEBEU IMPORTANTES ADES\u00d5ES NESTE S\u00c1BADO Tamb\u00e9m em 2018 o partido Democratas-DEM de Itapetinga apoiar\u00e1 dois candidatos a deputado estadual. Parte dos integrantes do partido declarou apoio ao Deputado Sandro R\u00e9gis. Agora, liderados pelo Presidente licenciado do DEM, Prof. Geraldo [&hellip;]<\/p>\n","protected":false},"author":2,"featured_media":71878,"comment_status":"open","ping_status":"open","sticky":false,"template":"","format":"standard","meta":{"footnotes":"","_links_to":"","_links_to_target":""},"categories":[1],"tags":[],"class_list":["post-71872","post","type-post","status-publish","format-standard","has-post-thumbnail","hentry","category-geral"],"views":1623,"_links":{"self":[{"href":"https:\/\/www.sudoestehoje.com.br\/novoportal\/wp-json\/wp\/v2\/posts\/71872","targetHints":{"allow":["GET"]}}],"collection":[{"href":"https:\/\/www.sudoestehoje.com.br\/novoportal\/wp-json\/wp\/v2\/posts"}],"about":[{"href":"https:\/\/www.sudoestehoje.com.br\/novoportal\/wp-json\/wp\/v2\/types\/post"}],"author":[{"embeddable":true,"href":"https:\/\/www.sudoestehoje.com.br\/novoportal\/wp-json\/wp\/v2\/users\/2"}],"replies":[{"embeddable":true,"href":"https:\/\/www.sudoestehoje.com.br\/novoportal\/wp-json\/wp\/v2\/comments?post=71872"}],"version-history":[{"count":10,"href":"https:\/\/www.sudoestehoje.com.br\/novoportal\/wp-json\/wp\/v2\/posts\/71872\/revisions"}],"predecessor-version":[{"id":71889,"href":"https:\/\/www.sudoestehoje.com.br\/novoportal\/wp-json\/wp\/v2\/posts\/71872\/revisions\/71889"}],"wp:featuredmedia":[{"embeddable":true,"href":"https:\/\/www.sudoestehoje.com.br\/novoportal\/wp-json\/wp\/v2\/media\/71878"}],"wp:attachment":[{"href":"https:\/\/www.sudoestehoje.com.br\/novoportal\/wp-json\/wp\/v2\/media?parent=71872"}],"wp:term":[{"taxonomy":"category","embeddable":true,"href":"https:\/\/www.sudoestehoje.com.br\/novoportal\/wp-json\/wp\/v2\/categories?post=71872"},{"taxonomy":"post_tag","embeddable":true,"href":"https:\/\/www.sudoestehoje.com.br\/novoportal\/wp-json\/wp\/v2\/tags?post=71872"}],"curies":[{"name":"wp","href":"https:\/\/api.w.org\/{rel}","templated":true}]}}