
{"id":7182,"date":"2011-08-03T09:22:32","date_gmt":"2011-08-03T12:22:32","guid":{"rendered":"http:\/\/www.sudoestehoje.com.br\/novoportal\/?p=7182"},"modified":"2011-08-04T09:44:22","modified_gmt":"2011-08-04T12:44:22","slug":"servidores-municipais-podem-entrar-em-greve","status":"publish","type":"post","link":"https:\/\/www.sudoestehoje.com.br\/novoportal\/2011\/08\/03\/servidores-municipais-podem-entrar-em-greve\/","title":{"rendered":"SERVIDORES MUNICIPAIS PODEM ENTRAR EM GREVE"},"content":{"rendered":"<div style=\"text-align: center;\"><a href=\"http:\/\/www.sudoestehoje.com.br\/novoportal\/wp-content\/uploads\/2011\/08\/JORGE-FERREIRA.jpg\"><img loading=\"lazy\" decoding=\"async\" class=\"aligncenter size-medium wp-image-7186\" title=\"JORGE FERREIRA\" src=\"http:\/\/www.sudoestehoje.com.br\/novoportal\/wp-content\/uploads\/2011\/08\/JORGE-FERREIRA-500x375.jpg\" alt=\"\" width=\"500\" height=\"375\" srcset=\"https:\/\/www.sudoestehoje.com.br\/novoportal\/wp-content\/uploads\/2011\/08\/JORGE-FERREIRA-500x375.jpg 500w, https:\/\/www.sudoestehoje.com.br\/novoportal\/wp-content\/uploads\/2011\/08\/JORGE-FERREIRA-1024x768.jpg 1024w\" sizes=\"auto, (max-width: 500px) 100vw, 500px\" \/><\/a><\/div>\n<div style=\"text-align: center;\"><em><strong>Diretores do Sinditatiba e servidores nas manifesta\u00e7\u00f5es da semana passada<\/strong><\/em><\/div>\n<div>ITAPETINGA: Nas assembl\u00e9ias e paraliza\u00e7\u00e3o dos servidores municipais, ficou aprovado um encaminhamento consensual, dando um prazo ao prefeito a responder a\u00a0uma pauta m\u00ednima, \u00a0que foi enviada nesta ter\u00e7a-feira, apos reuni\u00e3o com a diretoria do sindicato. Nessa pauta, os servidores\u00a0solicitam a\u00a0abertura de uma\u00a0mesa de negocia\u00e7\u00f5es e que essa resposta seja dada at\u00e9 o\u00a0final desta\u00a0quarta-feira (\u00a03). A partir da\u00ed, os servidores do munic\u00edpio entrar\u00e3o em estado de greve. O acordo que for fechado na mesa de negocia\u00e7\u00f5es, se ela for intalada, vai ser apreciada em assembleia na pr\u00f3xima semana. De acordo a decis\u00e3o soberana da assembleia, aceitado ou n\u00e3o as negocia\u00e7\u00f5es, o sindicato emitir\u00e1 um comunicado \u00e0\u00a0prefeitura e ao Ministerio do Trabalho,\u00a0\u00a0e\u00a0os servidores ser\u00e3o convocados para a greve .<\/div>\n<div><em><strong>PAUTA M\u00cdNIMA DE REIVINDICA\u00c7\u00d5ES<!--more--><br \/>\n<\/strong><\/em><\/div>\n<div>\n<p>Ofc n\u00b0 030\/11<\/p>\n<p>Assunto:<\/p>\n<p><span style=\"text-decoration: underline;\">Pauta m\u00ednima.<\/span><\/p>\n<p>Ao<\/p>\n<p>Prefeito Municipal de Itapetinga.<\/p>\n<p>Fruto de v\u00e1rias reivindica\u00e7\u00f5es j\u00e1 encaminhadas a esse poder nasceu duas assembl\u00e9ias gerais e uma paralisa\u00e7\u00e3o. Surgiu destes movimentos uma vasta pauta inclusive de conhecimento deste gabinete. Tiramos uma posi\u00e7\u00e3o homologada por todos os servidores em mobiliza\u00e7\u00e3o que foi: <span style=\"text-decoration: underline;\">d\u00e1 um prazo at\u00e9 quarta feira (03) sobre a forma\u00e7\u00e3o de uma mesa de negocia\u00e7\u00e3o para qual definimos uma pauta m\u00ednima; v\u00ea a disposi\u00e7\u00e3o de atendimento do Poder Executivo Municipal sobre os pontos<\/span>. Independe de n\u00e3o abrirmos m\u00e3os de todas as reivindica\u00e7\u00f5es constru\u00edmos no consenso entre sindicato e servidor sobre a pauta m\u00ednima que segue abaixo:<\/p>\n<p>\u25baReposi\u00e7\u00e3o de 21%; para todos os trabalhadores;<\/p>\n<p>\u25baExtens\u00e3o do aumento dos professores ao pessoal de apoio;<\/p>\n<p>\u25baRegulariza\u00e7\u00e3o dos conv\u00eanios;<\/p>\n<p>\u25baObedi\u00eancia aos TACs;<\/p>\n<p>\u25baA n\u00e3o retirada do aux\u00edlio alimenta\u00e7\u00e3o dos servidores que n\u00e3o tiveram \u00a0\u00a0\u00a0\u00a0\u00a0\u00a0aumento, como determina a Lei que a regulamentou.<\/p>\n<p>\u25baTurno de 6 horas para os profissionais de sa\u00fade e regulariza\u00e7\u00e3o dos pagamentos de sal\u00e1rios e di\u00e1rias;<\/p>\n<p>\u25baTurno espec\u00edfico, dentro da lei, para os trabalhadores do Bandeira.<\/p>\n<p>Por \u00faltimo informamos que o n\u00e3o atendimento \u00e1s propostas nascidas nas mobiliza\u00e7\u00f5es, essa posi\u00e7\u00e3o do Executivo ser\u00e1 avaliada em Assembl\u00e9ia e tirada nova forma de luta que nos resta: <span style=\"text-decoration: underline;\">greve por tempo que se fizer necess\u00e1rio ao atendimento do reivindicado.<\/span><\/p>\n<p style=\"text-align: center;\">Ivanildo Almeida Pires<\/p>\n<p style=\"text-align: center;\">Presidente<\/p>\n<\/div>\n","protected":false},"excerpt":{"rendered":"<p>Diretores do Sinditatiba e servidores nas manifesta\u00e7\u00f5es da semana passada ITAPETINGA: Nas assembl\u00e9ias e paraliza\u00e7\u00e3o dos servidores municipais, ficou aprovado um encaminhamento consensual, dando um prazo ao prefeito a responder a\u00a0uma pauta m\u00ednima, \u00a0que foi enviada nesta ter\u00e7a-feira, apos reuni\u00e3o com a diretoria do sindicato. Nessa pauta, os servidores\u00a0solicitam a\u00a0abertura de uma\u00a0mesa de negocia\u00e7\u00f5es e [&hellip;]<\/p>\n","protected":false},"author":2,"featured_media":0,"comment_status":"open","ping_status":"open","sticky":false,"template":"","format":"standard","meta":{"footnotes":"","_links_to":"","_links_to_target":""},"categories":[1],"tags":[],"class_list":["post-7182","post","type-post","status-publish","format-standard","hentry","category-geral"],"views":1440,"_links":{"self":[{"href":"https:\/\/www.sudoestehoje.com.br\/novoportal\/wp-json\/wp\/v2\/posts\/7182","targetHints":{"allow":["GET"]}}],"collection":[{"href":"https:\/\/www.sudoestehoje.com.br\/novoportal\/wp-json\/wp\/v2\/posts"}],"about":[{"href":"https:\/\/www.sudoestehoje.com.br\/novoportal\/wp-json\/wp\/v2\/types\/post"}],"author":[{"embeddable":true,"href":"https:\/\/www.sudoestehoje.com.br\/novoportal\/wp-json\/wp\/v2\/users\/2"}],"replies":[{"embeddable":true,"href":"https:\/\/www.sudoestehoje.com.br\/novoportal\/wp-json\/wp\/v2\/comments?post=7182"}],"version-history":[{"count":7,"href":"https:\/\/www.sudoestehoje.com.br\/novoportal\/wp-json\/wp\/v2\/posts\/7182\/revisions"}],"predecessor-version":[{"id":7189,"href":"https:\/\/www.sudoestehoje.com.br\/novoportal\/wp-json\/wp\/v2\/posts\/7182\/revisions\/7189"}],"wp:attachment":[{"href":"https:\/\/www.sudoestehoje.com.br\/novoportal\/wp-json\/wp\/v2\/media?parent=7182"}],"wp:term":[{"taxonomy":"category","embeddable":true,"href":"https:\/\/www.sudoestehoje.com.br\/novoportal\/wp-json\/wp\/v2\/categories?post=7182"},{"taxonomy":"post_tag","embeddable":true,"href":"https:\/\/www.sudoestehoje.com.br\/novoportal\/wp-json\/wp\/v2\/tags?post=7182"}],"curies":[{"name":"wp","href":"https:\/\/api.w.org\/{rel}","templated":true}]}}