
{"id":71804,"date":"2018-05-01T22:48:08","date_gmt":"2018-05-02T01:48:08","guid":{"rendered":"http:\/\/www.sudoestehoje.com.br\/novoportal\/?p=71804"},"modified":"2018-05-02T14:01:05","modified_gmt":"2018-05-02T17:01:05","slug":"fundacao-jose-silveira-e-prefeitura-realizam-feira-de-saude-em-itapetinga","status":"publish","type":"post","link":"https:\/\/www.sudoestehoje.com.br\/novoportal\/2018\/05\/01\/fundacao-jose-silveira-e-prefeitura-realizam-feira-de-saude-em-itapetinga\/","title":{"rendered":"FUNDA\u00c7\u00c3O JOS\u00c9 SILVEIRA E PREFEITURA REALIZAM FEIRA DE SA\u00daDE EM ITAPETINGA"},"content":{"rendered":"<p><a href=\"http:\/\/www.sudoestehoje.com.br\/novoportal\/wp-content\/uploads\/2018\/05\/feira-saude.jpg\"><img loading=\"lazy\" decoding=\"async\" class=\"aligncenter size-medium wp-image-71805\" src=\"http:\/\/www.sudoestehoje.com.br\/novoportal\/wp-content\/uploads\/2018\/05\/feira-saude-500x375.jpg\" alt=\"\" width=\"500\" height=\"375\" srcset=\"https:\/\/www.sudoestehoje.com.br\/novoportal\/wp-content\/uploads\/2018\/05\/feira-saude-500x375.jpg 500w, https:\/\/www.sudoestehoje.com.br\/novoportal\/wp-content\/uploads\/2018\/05\/feira-saude-768x576.jpg 768w, https:\/\/www.sudoestehoje.com.br\/novoportal\/wp-content\/uploads\/2018\/05\/feira-saude-700x525.jpg 700w, https:\/\/www.sudoestehoje.com.br\/novoportal\/wp-content\/uploads\/2018\/05\/feira-saude.jpg 960w\" sizes=\"auto, (max-width: 500px) 100vw, 500px\" \/><\/a><\/p>\n<p>A Funda\u00e7\u00e3o Jos\u00e9 Silveira realiza, com apoio da Prefeitura Municipal de Itapetinga, feira de sa\u00fade nos dias 3, 4 e 5 de maio, no Parque Poliesportivo da Lagoa.\u00a0Ser\u00e3o oferecidos gratuitamente para a popula\u00e7\u00e3o atendimentos em cl\u00ednica m\u00e9dica, ginecologia, urologia, cardiologia com realiza\u00e7\u00e3o de eletrocardiograma, exame preventivo de c\u00e2ncer do colo uterino, nutri\u00e7\u00e3o e odontologia, com procedimentos de orienta\u00e7\u00e3o e preven\u00e7\u00e3o da sa\u00fade bucal.\u00a0Tamb\u00e9m ser\u00e3o disponibilizados nesta edi\u00e7\u00e3o al\u00e9m de ultrassonografia, exames de mamografia e raio-X.<\/p>\n<p>Para ser atendido, \u00e9 s\u00f3 apresentar RG, comprovante de resid\u00eancia e cart\u00e3o do SUS. Para a realiza\u00e7\u00e3o da ultrassonografia, \u00e9 necess\u00e1ria a requisi\u00e7\u00e3o m\u00e9dica. Os atendimentos s\u00e3o por ordem de chegada e a oferta de vagas \u00e9 limitada.<\/p>\n<p>Com mais essa edi\u00e7\u00e3o da feira de sa\u00fade, a Funda\u00e7\u00e3o Jos\u00e9 Silveira completa 12 feiras de sa\u00fade na regi\u00e3o desde 2013 contribuindo para a promo\u00e7\u00e3o da vida saud\u00e1vel e da qualidade de vida da popula\u00e7\u00e3o de Itapetinga. \/\/<em>Ascom FJS<\/em><\/p>\n","protected":false},"excerpt":{"rendered":"<p>A Funda\u00e7\u00e3o Jos\u00e9 Silveira realiza, com apoio da Prefeitura Municipal de Itapetinga, feira de sa\u00fade nos dias 3, 4 e 5 de maio, no Parque Poliesportivo da Lagoa.\u00a0Ser\u00e3o oferecidos gratuitamente para a popula\u00e7\u00e3o atendimentos em cl\u00ednica m\u00e9dica, ginecologia, urologia, cardiologia com realiza\u00e7\u00e3o de eletrocardiograma, exame preventivo de c\u00e2ncer do colo uterino, nutri\u00e7\u00e3o e odontologia, com [&hellip;]<\/p>\n","protected":false},"author":2,"featured_media":71805,"comment_status":"open","ping_status":"open","sticky":false,"template":"","format":"standard","meta":{"footnotes":"","_links_to":"","_links_to_target":""},"categories":[1],"tags":[],"class_list":["post-71804","post","type-post","status-publish","format-standard","has-post-thumbnail","hentry","category-geral"],"views":1461,"_links":{"self":[{"href":"https:\/\/www.sudoestehoje.com.br\/novoportal\/wp-json\/wp\/v2\/posts\/71804","targetHints":{"allow":["GET"]}}],"collection":[{"href":"https:\/\/www.sudoestehoje.com.br\/novoportal\/wp-json\/wp\/v2\/posts"}],"about":[{"href":"https:\/\/www.sudoestehoje.com.br\/novoportal\/wp-json\/wp\/v2\/types\/post"}],"author":[{"embeddable":true,"href":"https:\/\/www.sudoestehoje.com.br\/novoportal\/wp-json\/wp\/v2\/users\/2"}],"replies":[{"embeddable":true,"href":"https:\/\/www.sudoestehoje.com.br\/novoportal\/wp-json\/wp\/v2\/comments?post=71804"}],"version-history":[{"count":4,"href":"https:\/\/www.sudoestehoje.com.br\/novoportal\/wp-json\/wp\/v2\/posts\/71804\/revisions"}],"predecessor-version":[{"id":71817,"href":"https:\/\/www.sudoestehoje.com.br\/novoportal\/wp-json\/wp\/v2\/posts\/71804\/revisions\/71817"}],"wp:featuredmedia":[{"embeddable":true,"href":"https:\/\/www.sudoestehoje.com.br\/novoportal\/wp-json\/wp\/v2\/media\/71805"}],"wp:attachment":[{"href":"https:\/\/www.sudoestehoje.com.br\/novoportal\/wp-json\/wp\/v2\/media?parent=71804"}],"wp:term":[{"taxonomy":"category","embeddable":true,"href":"https:\/\/www.sudoestehoje.com.br\/novoportal\/wp-json\/wp\/v2\/categories?post=71804"},{"taxonomy":"post_tag","embeddable":true,"href":"https:\/\/www.sudoestehoje.com.br\/novoportal\/wp-json\/wp\/v2\/tags?post=71804"}],"curies":[{"name":"wp","href":"https:\/\/api.w.org\/{rel}","templated":true}]}}