
{"id":71790,"date":"2018-05-01T10:42:35","date_gmt":"2018-05-01T13:42:35","guid":{"rendered":"http:\/\/www.sudoestehoje.com.br\/novoportal\/?p=71790"},"modified":"2018-05-01T10:42:35","modified_gmt":"2018-05-01T13:42:35","slug":"predio-de-26-andares-desaba-durante-incendio-no-centro-de-sao-paulo","status":"publish","type":"post","link":"https:\/\/www.sudoestehoje.com.br\/novoportal\/2018\/05\/01\/predio-de-26-andares-desaba-durante-incendio-no-centro-de-sao-paulo\/","title":{"rendered":"PR\u00c9DIO DE 26 ANDARES DESABA DURANTE INC\u00caNDIO NO CENTRO DE S\u00c3O PAULO"},"content":{"rendered":"<p><a href=\"http:\/\/www.sudoestehoje.com.br\/novoportal\/wp-content\/uploads\/2018\/05\/INCENDIO.jpeg\"><img loading=\"lazy\" decoding=\"async\" class=\"aligncenter size-medium wp-image-71791\" src=\"http:\/\/www.sudoestehoje.com.br\/novoportal\/wp-content\/uploads\/2018\/05\/INCENDIO-500x333.jpeg\" alt=\"\" width=\"500\" height=\"333\" srcset=\"https:\/\/www.sudoestehoje.com.br\/novoportal\/wp-content\/uploads\/2018\/05\/INCENDIO-500x333.jpeg 500w, https:\/\/www.sudoestehoje.com.br\/novoportal\/wp-content\/uploads\/2018\/05\/INCENDIO.jpeg 680w\" sizes=\"auto, (max-width: 500px) 100vw, 500px\" \/><\/a><\/p>\n<p>Um pr\u00e9dio de 26 andares desabou durante um inc\u00eandio de grandes propor\u00e7\u00f5es no Largo do Paissandu, no centro de S\u00e3o Paulo, na madrugada desta ter\u00e7a-feira. Um edif\u00edcio vizinho tamb\u00e9m pegou fogo, mas n\u00e3o corre risco de colapso. Mais de 100 homens de v\u00e1rias unidades do Corpo de Bombeiros est\u00e3o no local em busca de v\u00edtimas nos escombros no in\u00edcio desta manh\u00e3.<\/p>\n<p>Segundo informa\u00e7\u00f5es do Corpo de Bombeiros, o inc\u00eandio teria come\u00e7ado por volta de 1h30.\u00a0O desabamento ocorreu por volta da 3h, em consequ\u00eancia das chamas.<\/p>\n<p>As causas do inc\u00eandio ainda s\u00e3o ignoradas, mas as informa\u00e7\u00f5es iniciais s\u00e3o de que o fogo come\u00e7ou no 5\u00ba andar do pr\u00e9dio.\u00a0Alguns edif\u00edcios pr\u00f3ximos foram evacuados e toda \u00e1rea est\u00e1 isolada. As informa\u00e7\u00f5es da Defesa Civil s\u00e3o de que o pr\u00e9dio que desabou era ocupado por v\u00e1rias fam\u00edlias de pessoas em situa\u00e7\u00e3o de rua.<\/p>\n","protected":false},"excerpt":{"rendered":"<p>Um pr\u00e9dio de 26 andares desabou durante um inc\u00eandio de grandes propor\u00e7\u00f5es no Largo do Paissandu, no centro de S\u00e3o Paulo, na madrugada desta ter\u00e7a-feira. Um edif\u00edcio vizinho tamb\u00e9m pegou fogo, mas n\u00e3o corre risco de colapso. Mais de 100 homens de v\u00e1rias unidades do Corpo de Bombeiros est\u00e3o no local em busca de v\u00edtimas [&hellip;]<\/p>\n","protected":false},"author":2,"featured_media":71791,"comment_status":"open","ping_status":"open","sticky":false,"template":"","format":"standard","meta":{"footnotes":"","_links_to":"","_links_to_target":""},"categories":[1],"tags":[],"class_list":["post-71790","post","type-post","status-publish","format-standard","has-post-thumbnail","hentry","category-geral"],"views":1061,"_links":{"self":[{"href":"https:\/\/www.sudoestehoje.com.br\/novoportal\/wp-json\/wp\/v2\/posts\/71790","targetHints":{"allow":["GET"]}}],"collection":[{"href":"https:\/\/www.sudoestehoje.com.br\/novoportal\/wp-json\/wp\/v2\/posts"}],"about":[{"href":"https:\/\/www.sudoestehoje.com.br\/novoportal\/wp-json\/wp\/v2\/types\/post"}],"author":[{"embeddable":true,"href":"https:\/\/www.sudoestehoje.com.br\/novoportal\/wp-json\/wp\/v2\/users\/2"}],"replies":[{"embeddable":true,"href":"https:\/\/www.sudoestehoje.com.br\/novoportal\/wp-json\/wp\/v2\/comments?post=71790"}],"version-history":[{"count":1,"href":"https:\/\/www.sudoestehoje.com.br\/novoportal\/wp-json\/wp\/v2\/posts\/71790\/revisions"}],"predecessor-version":[{"id":71792,"href":"https:\/\/www.sudoestehoje.com.br\/novoportal\/wp-json\/wp\/v2\/posts\/71790\/revisions\/71792"}],"wp:featuredmedia":[{"embeddable":true,"href":"https:\/\/www.sudoestehoje.com.br\/novoportal\/wp-json\/wp\/v2\/media\/71791"}],"wp:attachment":[{"href":"https:\/\/www.sudoestehoje.com.br\/novoportal\/wp-json\/wp\/v2\/media?parent=71790"}],"wp:term":[{"taxonomy":"category","embeddable":true,"href":"https:\/\/www.sudoestehoje.com.br\/novoportal\/wp-json\/wp\/v2\/categories?post=71790"},{"taxonomy":"post_tag","embeddable":true,"href":"https:\/\/www.sudoestehoje.com.br\/novoportal\/wp-json\/wp\/v2\/tags?post=71790"}],"curies":[{"name":"wp","href":"https:\/\/api.w.org\/{rel}","templated":true}]}}