
{"id":71788,"date":"2018-05-01T12:44:50","date_gmt":"2018-05-01T15:44:50","guid":{"rendered":"http:\/\/www.sudoestehoje.com.br\/novoportal\/?p=71788"},"modified":"2018-05-01T12:44:50","modified_gmt":"2018-05-01T15:44:50","slug":"itapetinga-psd-de-alfredo-cabral-e-alecio-fecha-com-antonio-brito-e-adolfo-menezes","status":"publish","type":"post","link":"https:\/\/www.sudoestehoje.com.br\/novoportal\/2018\/05\/01\/itapetinga-psd-de-alfredo-cabral-e-alecio-fecha-com-antonio-brito-e-adolfo-menezes\/","title":{"rendered":"ITAPETINGA: PSD DE ALFREDO CABRAL E AL\u00c9CIO FECHA COM ANT\u00d4NIO BRITO E ADOLFO MENEZES"},"content":{"rendered":"<p><a href=\"http:\/\/www.sudoestehoje.com.br\/novoportal\/wp-content\/uploads\/2018\/05\/brito-e-adolfo.jpg\"><img loading=\"lazy\" decoding=\"async\" class=\"aligncenter  wp-image-71793\" src=\"http:\/\/www.sudoestehoje.com.br\/novoportal\/wp-content\/uploads\/2018\/05\/brito-e-adolfo.jpg\" alt=\"\" width=\"500\" height=\"299\" \/><\/a><\/p>\n<p>Atrav\u00e9s de postagem no Facebook, o ex-vereador Alfredo Cabral informou que em reuni\u00e3o do PSD, realizada nesta segunda-feira (30), foi eleito por aclama\u00e7\u00e3o o novo diret\u00f3rio municipal do partido, mantendo-o na presid\u00eancia.<\/p>\n<p>Segundo Alfredo, na mesma reuni\u00e3o ficou decidido que o PSD de Itapetinga ir\u00e1 apoiar os candidatos Ant\u00f4nio Brito, para deputado federal e Adolfo Menezes, para deputado estadual.<\/p>\n<p>Para o senado, o diret\u00f3rio do partido manifestou a prefer\u00eancia pelo atual presidente da Assembl\u00e9ia Legislativa Legislativa, \u00c2ngelo Coronel, que disputa uma vaga na chapa de Rui Costa, com L\u00eddice da Mata e Marcelo Nilo.<\/p>\n<p>Segundo informa\u00e7\u00f5es colhidas pelo Sudoeste Hoje, o apoio a Brito e Adolfo Menezes foi &#8216;sugerido&#8217; pelo senador Otto Alencar, em recente encontro com o ex-vereador Alfredo Cabral.<\/p>\n<p>O deputado Ant\u00f4nio Brito \u00e9 figura conhecida em Itapetinga, tendo obtido mais de 6 mil votos na \u00faltima elei\u00e7\u00e3o. J\u00e1 o deputado Adolfo Viana, \u00e9 desconhecido na regi\u00e3o, tendo obtido vota\u00e7\u00e3o apenas no munic\u00edpio de Caatiba, em 2018.<\/p>\n<p><strong><em>Por Davi Ferraz<\/em><\/strong><\/p>\n","protected":false},"excerpt":{"rendered":"<p>Atrav\u00e9s de postagem no Facebook, o ex-vereador Alfredo Cabral informou que em reuni\u00e3o do PSD, realizada nesta segunda-feira (30), foi eleito por aclama\u00e7\u00e3o o novo diret\u00f3rio municipal do partido, mantendo-o na presid\u00eancia. Segundo Alfredo, na mesma reuni\u00e3o ficou decidido que o PSD de Itapetinga ir\u00e1 apoiar os candidatos Ant\u00f4nio Brito, para deputado federal e Adolfo [&hellip;]<\/p>\n","protected":false},"author":2,"featured_media":71793,"comment_status":"open","ping_status":"open","sticky":false,"template":"","format":"standard","meta":{"footnotes":"","_links_to":"","_links_to_target":""},"categories":[1],"tags":[],"class_list":["post-71788","post","type-post","status-publish","format-standard","has-post-thumbnail","hentry","category-geral"],"views":1280,"_links":{"self":[{"href":"https:\/\/www.sudoestehoje.com.br\/novoportal\/wp-json\/wp\/v2\/posts\/71788","targetHints":{"allow":["GET"]}}],"collection":[{"href":"https:\/\/www.sudoestehoje.com.br\/novoportal\/wp-json\/wp\/v2\/posts"}],"about":[{"href":"https:\/\/www.sudoestehoje.com.br\/novoportal\/wp-json\/wp\/v2\/types\/post"}],"author":[{"embeddable":true,"href":"https:\/\/www.sudoestehoje.com.br\/novoportal\/wp-json\/wp\/v2\/users\/2"}],"replies":[{"embeddable":true,"href":"https:\/\/www.sudoestehoje.com.br\/novoportal\/wp-json\/wp\/v2\/comments?post=71788"}],"version-history":[{"count":3,"href":"https:\/\/www.sudoestehoje.com.br\/novoportal\/wp-json\/wp\/v2\/posts\/71788\/revisions"}],"predecessor-version":[{"id":71795,"href":"https:\/\/www.sudoestehoje.com.br\/novoportal\/wp-json\/wp\/v2\/posts\/71788\/revisions\/71795"}],"wp:featuredmedia":[{"embeddable":true,"href":"https:\/\/www.sudoestehoje.com.br\/novoportal\/wp-json\/wp\/v2\/media\/71793"}],"wp:attachment":[{"href":"https:\/\/www.sudoestehoje.com.br\/novoportal\/wp-json\/wp\/v2\/media?parent=71788"}],"wp:term":[{"taxonomy":"category","embeddable":true,"href":"https:\/\/www.sudoestehoje.com.br\/novoportal\/wp-json\/wp\/v2\/categories?post=71788"},{"taxonomy":"post_tag","embeddable":true,"href":"https:\/\/www.sudoestehoje.com.br\/novoportal\/wp-json\/wp\/v2\/tags?post=71788"}],"curies":[{"name":"wp","href":"https:\/\/api.w.org\/{rel}","templated":true}]}}