
{"id":71771,"date":"2018-04-30T19:58:15","date_gmt":"2018-04-30T22:58:15","guid":{"rendered":"http:\/\/www.sudoestehoje.com.br\/novoportal\/?p=71771"},"modified":"2018-04-30T19:58:15","modified_gmt":"2018-04-30T22:58:15","slug":"11-parlamentares-baianos-tentam-reeleicao-para-nao-perderem-foro-privilegiado","status":"publish","type":"post","link":"https:\/\/www.sudoestehoje.com.br\/novoportal\/2018\/04\/30\/11-parlamentares-baianos-tentam-reeleicao-para-nao-perderem-foro-privilegiado\/","title":{"rendered":"11 PARLAMENTARES BAIANOS TENTAM REELEI\u00c7\u00c3O PARA N\u00c3O PERDEREM FORO PRIVILEGIADO"},"content":{"rendered":"<p><a href=\"http:\/\/www.sudoestehoje.com.br\/novoportal\/wp-content\/uploads\/2018\/04\/camara-sess\u00e3o-uber.jpg\"><img loading=\"lazy\" decoding=\"async\" class=\"aligncenter size-medium wp-image-71774\" src=\"http:\/\/www.sudoestehoje.com.br\/novoportal\/wp-content\/uploads\/2018\/04\/camara-sess\u00e3o-uber-500x333.jpg\" alt=\"\" width=\"500\" height=\"333\" srcset=\"https:\/\/www.sudoestehoje.com.br\/novoportal\/wp-content\/uploads\/2018\/04\/camara-sess\u00e3o-uber-500x333.jpg 500w, https:\/\/www.sudoestehoje.com.br\/novoportal\/wp-content\/uploads\/2018\/04\/camara-sess\u00e3o-uber.jpg 672w\" sizes=\"auto, (max-width: 500px) 100vw, 500px\" \/><\/a><\/p>\n<p>Ao menos 11\u00a0parlamentares baianos v\u00e3o tentar reelei\u00e7\u00e3o este ano para n\u00e3o perderem foro privilegiado no Supremo Tribunal Federal em janeiro do ano que vem, o que os levaria a serem julgados pelo juiz S\u00e9rgio Moro.<\/p>\n<p>Sessenta e cinco pessoas foram citadas nos acordos de dela\u00e7\u00e3o de executivos da Odebrecht. Esse grupo inclui 43 deputados federais, 18 senadores, dois governadores, um ex-ministro e at\u00e9 o presidente Michel Temer.<\/p>\n<p>No levantamento realizado pelo jornal <em>O Globo<\/em>, est\u00e3o na lista os deputados federais baianos:\u00a0Arthur Maia (DEM), Cac\u00e1 Le\u00e3o (PP), Daniel Almeida (PCdoB), Jos\u00e9 Carlos Aleluia (presidente do DEM-BA), Jo\u00e3o Carlos Bacelar (Podemos), Jonga Bacelar (PR), Jutahy Junior (PSDB), Lucio Vieira Lima (MDB), M\u00e1rio Negromonte Junior (PP), Nelson Pelegrino (PT). Completa a lista, a senadora L\u00eddice da Mata (PSB).<em> \/\/Boc\u00e3o News<\/em><\/p>\n","protected":false},"excerpt":{"rendered":"<p>Ao menos 11\u00a0parlamentares baianos v\u00e3o tentar reelei\u00e7\u00e3o este ano para n\u00e3o perderem foro privilegiado no Supremo Tribunal Federal em janeiro do ano que vem, o que os levaria a serem julgados pelo juiz S\u00e9rgio Moro. Sessenta e cinco pessoas foram citadas nos acordos de dela\u00e7\u00e3o de executivos da Odebrecht. Esse grupo inclui 43 deputados federais, [&hellip;]<\/p>\n","protected":false},"author":2,"featured_media":71774,"comment_status":"open","ping_status":"open","sticky":false,"template":"","format":"standard","meta":{"footnotes":"","_links_to":"","_links_to_target":""},"categories":[1],"tags":[],"class_list":["post-71771","post","type-post","status-publish","format-standard","has-post-thumbnail","hentry","category-geral"],"views":1101,"_links":{"self":[{"href":"https:\/\/www.sudoestehoje.com.br\/novoportal\/wp-json\/wp\/v2\/posts\/71771","targetHints":{"allow":["GET"]}}],"collection":[{"href":"https:\/\/www.sudoestehoje.com.br\/novoportal\/wp-json\/wp\/v2\/posts"}],"about":[{"href":"https:\/\/www.sudoestehoje.com.br\/novoportal\/wp-json\/wp\/v2\/types\/post"}],"author":[{"embeddable":true,"href":"https:\/\/www.sudoestehoje.com.br\/novoportal\/wp-json\/wp\/v2\/users\/2"}],"replies":[{"embeddable":true,"href":"https:\/\/www.sudoestehoje.com.br\/novoportal\/wp-json\/wp\/v2\/comments?post=71771"}],"version-history":[{"count":6,"href":"https:\/\/www.sudoestehoje.com.br\/novoportal\/wp-json\/wp\/v2\/posts\/71771\/revisions"}],"predecessor-version":[{"id":71778,"href":"https:\/\/www.sudoestehoje.com.br\/novoportal\/wp-json\/wp\/v2\/posts\/71771\/revisions\/71778"}],"wp:featuredmedia":[{"embeddable":true,"href":"https:\/\/www.sudoestehoje.com.br\/novoportal\/wp-json\/wp\/v2\/media\/71774"}],"wp:attachment":[{"href":"https:\/\/www.sudoestehoje.com.br\/novoportal\/wp-json\/wp\/v2\/media?parent=71771"}],"wp:term":[{"taxonomy":"category","embeddable":true,"href":"https:\/\/www.sudoestehoje.com.br\/novoportal\/wp-json\/wp\/v2\/categories?post=71771"},{"taxonomy":"post_tag","embeddable":true,"href":"https:\/\/www.sudoestehoje.com.br\/novoportal\/wp-json\/wp\/v2\/tags?post=71771"}],"curies":[{"name":"wp","href":"https:\/\/api.w.org\/{rel}","templated":true}]}}