
{"id":71757,"date":"2018-04-29T17:57:37","date_gmt":"2018-04-29T20:57:37","guid":{"rendered":"http:\/\/www.sudoestehoje.com.br\/novoportal\/?p=71757"},"modified":"2018-04-29T18:00:18","modified_gmt":"2018-04-29T21:00:18","slug":"mst-invade-fazenda-de-geddel-vieira-lima-no-municipio-de-maiquinique","status":"publish","type":"post","link":"https:\/\/www.sudoestehoje.com.br\/novoportal\/2018\/04\/29\/mst-invade-fazenda-de-geddel-vieira-lima-no-municipio-de-maiquinique\/","title":{"rendered":"MST INVADE FAZENDA DE GEDDEL VIEIRA LIMA NO MUNIC\u00cdPIO DE MAIQUINIQUE"},"content":{"rendered":"<p><a href=\"http:\/\/www.sudoestehoje.com.br\/novoportal\/wp-content\/uploads\/2018\/04\/MST.jpg\"><img loading=\"lazy\" decoding=\"async\" class=\"aligncenter size-medium wp-image-71762\" src=\"http:\/\/www.sudoestehoje.com.br\/novoportal\/wp-content\/uploads\/2018\/04\/MST-500x331.jpg\" alt=\"\" width=\"500\" height=\"331\" srcset=\"https:\/\/www.sudoestehoje.com.br\/novoportal\/wp-content\/uploads\/2018\/04\/MST-500x331.jpg 500w, https:\/\/www.sudoestehoje.com.br\/novoportal\/wp-content\/uploads\/2018\/04\/MST-700x464.jpg 700w, https:\/\/www.sudoestehoje.com.br\/novoportal\/wp-content\/uploads\/2018\/04\/MST.jpg 758w\" sizes=\"auto, (max-width: 500px) 100vw, 500px\" \/><\/a><\/p>\n<p>A 8\u00aa Companhia Independente de Pol\u00edcia Militar informou, na tarde deste domingo (29), que a Fazenda Vale do Caraim, de propriedade do ex-ministro Geddel Vieira Lima, situada no munic\u00edpio de Maiquinique, foi ocupada por militantes do Movimento dos Trabalhadores Rurais Sem Terra (MST).<\/p>\n<p>Segundo o major Edm\u00e1rio Jos\u00e9 Britto Ara\u00fajo, comandante da 8\u00aa CIPM, sediada em Itapetinga, as informa\u00e7\u00f5es foram colhidas junto a Val\u00e9rio Sampaio, gerente da fazenda de Geddel em Potiragu\u00e1.<\/p>\n<p>De acordo o gerente, os funcion\u00e1rios da fazenda em Maiquinique mantiveram contato com ele no come\u00e7o da manh\u00e3 deste domingo, informando que pelo menos 40 (quarenta pessoas) ocuparam a sede da fazenda.<\/p>\n<p><em>&#8220;Desde o meio dia Val\u00e9rio n\u00e3o consegue manter contato com os funcion\u00e1rios da referida propriedade invadida (que s\u00e3o o total de 10 pessoas) e, por volta das 13h40 o senhor Val\u00e9rio estava se deslocando para Itapetinga para registrar ocorr\u00eancia sobre a invas\u00e3o&#8221;<\/em><em>, <\/em>informou o major Edm\u00e1rio.<\/p>\n<p><em><strong>Reda\u00e7\u00e3o<\/strong><\/em><\/p>\n","protected":false},"excerpt":{"rendered":"<p>A 8\u00aa Companhia Independente de Pol\u00edcia Militar informou, na tarde deste domingo (29), que a Fazenda Vale do Caraim, de propriedade do ex-ministro Geddel Vieira Lima, situada no munic\u00edpio de Maiquinique, foi ocupada por militantes do Movimento dos Trabalhadores Rurais Sem Terra (MST). Segundo o major Edm\u00e1rio Jos\u00e9 Britto Ara\u00fajo, comandante da 8\u00aa CIPM, sediada [&hellip;]<\/p>\n","protected":false},"author":2,"featured_media":71762,"comment_status":"open","ping_status":"open","sticky":false,"template":"","format":"standard","meta":{"footnotes":"","_links_to":"","_links_to_target":""},"categories":[1],"tags":[],"class_list":["post-71757","post","type-post","status-publish","format-standard","has-post-thumbnail","hentry","category-geral"],"views":1851,"_links":{"self":[{"href":"https:\/\/www.sudoestehoje.com.br\/novoportal\/wp-json\/wp\/v2\/posts\/71757","targetHints":{"allow":["GET"]}}],"collection":[{"href":"https:\/\/www.sudoestehoje.com.br\/novoportal\/wp-json\/wp\/v2\/posts"}],"about":[{"href":"https:\/\/www.sudoestehoje.com.br\/novoportal\/wp-json\/wp\/v2\/types\/post"}],"author":[{"embeddable":true,"href":"https:\/\/www.sudoestehoje.com.br\/novoportal\/wp-json\/wp\/v2\/users\/2"}],"replies":[{"embeddable":true,"href":"https:\/\/www.sudoestehoje.com.br\/novoportal\/wp-json\/wp\/v2\/comments?post=71757"}],"version-history":[{"count":7,"href":"https:\/\/www.sudoestehoje.com.br\/novoportal\/wp-json\/wp\/v2\/posts\/71757\/revisions"}],"predecessor-version":[{"id":71765,"href":"https:\/\/www.sudoestehoje.com.br\/novoportal\/wp-json\/wp\/v2\/posts\/71757\/revisions\/71765"}],"wp:featuredmedia":[{"embeddable":true,"href":"https:\/\/www.sudoestehoje.com.br\/novoportal\/wp-json\/wp\/v2\/media\/71762"}],"wp:attachment":[{"href":"https:\/\/www.sudoestehoje.com.br\/novoportal\/wp-json\/wp\/v2\/media?parent=71757"}],"wp:term":[{"taxonomy":"category","embeddable":true,"href":"https:\/\/www.sudoestehoje.com.br\/novoportal\/wp-json\/wp\/v2\/categories?post=71757"},{"taxonomy":"post_tag","embeddable":true,"href":"https:\/\/www.sudoestehoje.com.br\/novoportal\/wp-json\/wp\/v2\/tags?post=71757"}],"curies":[{"name":"wp","href":"https:\/\/api.w.org\/{rel}","templated":true}]}}