
{"id":71746,"date":"2018-04-28T09:18:02","date_gmt":"2018-04-28T12:18:02","guid":{"rendered":"http:\/\/www.sudoestehoje.com.br\/novoportal\/?p=71746"},"modified":"2018-04-28T09:18:02","modified_gmt":"2018-04-28T12:18:02","slug":"irmao-lazaro-e-confirmado-como-candidato-ao-senado-na-chapa-de-ze-ronaldo","status":"publish","type":"post","link":"https:\/\/www.sudoestehoje.com.br\/novoportal\/2018\/04\/28\/irmao-lazaro-e-confirmado-como-candidato-ao-senado-na-chapa-de-ze-ronaldo\/","title":{"rendered":"IRM\u00c3O L\u00c1ZARO \u00c9 CONFIRMADO COMO CANDIDATO AO SENADO NA CHAPA DE Z\u00c9 RONALDO"},"content":{"rendered":"<p><a href=\"http:\/\/www.sudoestehoje.com.br\/novoportal\/wp-content\/uploads\/2018\/04\/irm\u00e3o-lazaro.jpg\"><img loading=\"lazy\" decoding=\"async\" class=\"aligncenter size-medium wp-image-71747\" src=\"http:\/\/www.sudoestehoje.com.br\/novoportal\/wp-content\/uploads\/2018\/04\/irm\u00e3o-lazaro-500x366.jpg\" alt=\"\" width=\"500\" height=\"366\" srcset=\"https:\/\/www.sudoestehoje.com.br\/novoportal\/wp-content\/uploads\/2018\/04\/irm\u00e3o-lazaro-500x366.jpg 500w, https:\/\/www.sudoestehoje.com.br\/novoportal\/wp-content\/uploads\/2018\/04\/irm\u00e3o-lazaro.jpg 653w\" sizes=\"auto, (max-width: 500px) 100vw, 500px\" \/><\/a><\/p>\n<p>O deputado federal Irm\u00e3o L\u00e1zaro (PSC) ser\u00e1 um dos candidatos ao Senado na chapa majorit\u00e1ria de Z\u00e9 Ronaldo (DEM) ao governo do Estado. A informa\u00e7\u00e3o foi obtida pelo Bahia Not\u00edcias junto a uma fonte do grupo pol\u00edtico do democrata que acompanha as negocia\u00e7\u00f5es.<\/p>\n<p>O an\u00fancio do nome de L\u00e1zaro deve ser feito nos pr\u00f3ximos dias. A reportagem apurou tamb\u00e9m a informa\u00e7\u00e3o com uma figura pr\u00f3xima ao prefeito de Salvador, ACM Neto (DEM). Segundo ele, o martelo ainda n\u00e3o foi definitivamente batido, mas as negocia\u00e7\u00f5es para L\u00e1zaro disputar o Senado com Z\u00e9 Ronaldo est\u00e3o muito pr\u00f3ximas de ser fechadas. \/\/<em>Bahia Not\u00edcias<\/em><\/p>\n","protected":false},"excerpt":{"rendered":"<p>O deputado federal Irm\u00e3o L\u00e1zaro (PSC) ser\u00e1 um dos candidatos ao Senado na chapa majorit\u00e1ria de Z\u00e9 Ronaldo (DEM) ao governo do Estado. A informa\u00e7\u00e3o foi obtida pelo Bahia Not\u00edcias junto a uma fonte do grupo pol\u00edtico do democrata que acompanha as negocia\u00e7\u00f5es. O an\u00fancio do nome de L\u00e1zaro deve ser feito nos pr\u00f3ximos dias. [&hellip;]<\/p>\n","protected":false},"author":2,"featured_media":71747,"comment_status":"open","ping_status":"open","sticky":false,"template":"","format":"standard","meta":{"footnotes":"","_links_to":"","_links_to_target":""},"categories":[1],"tags":[],"class_list":["post-71746","post","type-post","status-publish","format-standard","has-post-thumbnail","hentry","category-geral"],"views":1490,"_links":{"self":[{"href":"https:\/\/www.sudoestehoje.com.br\/novoportal\/wp-json\/wp\/v2\/posts\/71746","targetHints":{"allow":["GET"]}}],"collection":[{"href":"https:\/\/www.sudoestehoje.com.br\/novoportal\/wp-json\/wp\/v2\/posts"}],"about":[{"href":"https:\/\/www.sudoestehoje.com.br\/novoportal\/wp-json\/wp\/v2\/types\/post"}],"author":[{"embeddable":true,"href":"https:\/\/www.sudoestehoje.com.br\/novoportal\/wp-json\/wp\/v2\/users\/2"}],"replies":[{"embeddable":true,"href":"https:\/\/www.sudoestehoje.com.br\/novoportal\/wp-json\/wp\/v2\/comments?post=71746"}],"version-history":[{"count":1,"href":"https:\/\/www.sudoestehoje.com.br\/novoportal\/wp-json\/wp\/v2\/posts\/71746\/revisions"}],"predecessor-version":[{"id":71748,"href":"https:\/\/www.sudoestehoje.com.br\/novoportal\/wp-json\/wp\/v2\/posts\/71746\/revisions\/71748"}],"wp:featuredmedia":[{"embeddable":true,"href":"https:\/\/www.sudoestehoje.com.br\/novoportal\/wp-json\/wp\/v2\/media\/71747"}],"wp:attachment":[{"href":"https:\/\/www.sudoestehoje.com.br\/novoportal\/wp-json\/wp\/v2\/media?parent=71746"}],"wp:term":[{"taxonomy":"category","embeddable":true,"href":"https:\/\/www.sudoestehoje.com.br\/novoportal\/wp-json\/wp\/v2\/categories?post=71746"},{"taxonomy":"post_tag","embeddable":true,"href":"https:\/\/www.sudoestehoje.com.br\/novoportal\/wp-json\/wp\/v2\/tags?post=71746"}],"curies":[{"name":"wp","href":"https:\/\/api.w.org\/{rel}","templated":true}]}}