
{"id":71736,"date":"2018-04-27T18:58:47","date_gmt":"2018-04-27T21:58:47","guid":{"rendered":"http:\/\/www.sudoestehoje.com.br\/novoportal\/?p=71736"},"modified":"2018-04-27T18:58:47","modified_gmt":"2018-04-27T21:58:47","slug":"bandeira-projeto-de-alunos-da-escola-dona-geni-vai-representar-itapetinga-na-conferencia-estadual-de-meio-ambiente","status":"publish","type":"post","link":"https:\/\/www.sudoestehoje.com.br\/novoportal\/2018\/04\/27\/bandeira-projeto-de-alunos-da-escola-dona-geni-vai-representar-itapetinga-na-conferencia-estadual-de-meio-ambiente\/","title":{"rendered":"BANDEIRA: PROJETO DE ALUNOS DA ESCOLA DONA GENI VAI REPRESENTAR ITAPETINGA NA CONFER\u00caNCIA ESTADUAL DE MEIO AMBIENTE"},"content":{"rendered":"<p><a href=\"http:\/\/www.sudoestehoje.com.br\/novoportal\/wp-content\/uploads\/2018\/04\/D.-Geni-1.jpg\"><img loading=\"lazy\" decoding=\"async\" class=\"aligncenter size-medium wp-image-71737\" src=\"http:\/\/www.sudoestehoje.com.br\/novoportal\/wp-content\/uploads\/2018\/04\/D.-Geni-1-500x281.jpg\" alt=\"\" width=\"500\" height=\"281\" srcset=\"https:\/\/www.sudoestehoje.com.br\/novoportal\/wp-content\/uploads\/2018\/04\/D.-Geni-1-500x281.jpg 500w, https:\/\/www.sudoestehoje.com.br\/novoportal\/wp-content\/uploads\/2018\/04\/D.-Geni-1.jpg 640w\" sizes=\"auto, (max-width: 500px) 100vw, 500px\" \/><\/a><\/p>\n<p>Orientados pelo corpo docente da Escola Municipal Dona Geni do distrito de Bandeira do Col\u00f4nia, e com o tema \u201cReaproveitamento da \u00e1gua na Escola Dona Geni como subs\u00eddio para a forma\u00e7\u00e3o de um aluno consciente\u201d, os alunos Eric Duarte e Ytallo Jesse ir\u00e3o representar a entidade escolar na Confer\u00eancia Infantojuvenil pelo Meio Ambiente, que ocorrer\u00e1 em Salvador.<\/p>\n<p>Os alunos que pertencem \u00e0 classe do 9\u00ba ano concorreram com outras escolas, primeiro a n\u00edvel municipal e logo ap\u00f3s ser vencida a 1\u00aa etapa, estes mesmos alunos concorreram com escolas da regi\u00e3o com a apresenta\u00e7\u00e3o do Projeto em um evento realizado no Col\u00e9gio Lu\u00eds Eduardo Magalh\u00e3es (Col\u00e9gio Modelo) em Itapetinga, nesta quinta-feira (26).<\/p>\n<p>Os trabalhos que foram selecionados ir\u00e3o para a etapa estadual que acontece no pr\u00f3ximo m\u00eas de maio. A 5\u00aa Confer\u00eancia Nacional acontece entre os dias 15 e 19 de junho.<\/p>\n<p><a href=\"http:\/\/www.sudoestehoje.com.br\/novoportal\/wp-content\/uploads\/2018\/04\/eric4.jpg\"><img loading=\"lazy\" decoding=\"async\" class=\"aligncenter size-medium wp-image-71738\" src=\"http:\/\/www.sudoestehoje.com.br\/novoportal\/wp-content\/uploads\/2018\/04\/eric4-500x382.jpg\" alt=\"\" width=\"500\" height=\"382\" \/><\/a><\/p>\n<p>A Confer\u00eancia Nacional \u00e9 o encontro nacional das delega\u00e7\u00f5es estaduais para realiza\u00e7\u00e3o oficinas, atividades culturais e di\u00e1logos sobre o tema \u201c\u00c1gua\u201d, a partir dos projetos de a\u00e7\u00e3o selecionados nas etapas municipais e estaduais.<\/p>\n<p>Ser\u00e3o aproximadamente 460 delegados e delegadas, entre 11 e 14 anos, de todo pa\u00eds, que j\u00e1 debateram o tema em suas escolas. Na Confer\u00eancia Nacional, esses jovens ir\u00e3o aprofundar a tem\u00e1tica, socializar os projetos, participar de oficinas. \/\/<em>Informa\u00e7\u00f5es do Blog Itoror\u00f3 J\u00e1<\/em><\/p>\n","protected":false},"excerpt":{"rendered":"<p>Orientados pelo corpo docente da Escola Municipal Dona Geni do distrito de Bandeira do Col\u00f4nia, e com o tema \u201cReaproveitamento da \u00e1gua na Escola Dona Geni como subs\u00eddio para a forma\u00e7\u00e3o de um aluno consciente\u201d, os alunos Eric Duarte e Ytallo Jesse ir\u00e3o representar a entidade escolar na Confer\u00eancia Infantojuvenil pelo Meio Ambiente, que ocorrer\u00e1 [&hellip;]<\/p>\n","protected":false},"author":2,"featured_media":71737,"comment_status":"open","ping_status":"open","sticky":false,"template":"","format":"standard","meta":{"footnotes":"","_links_to":"","_links_to_target":""},"categories":[1],"tags":[],"class_list":["post-71736","post","type-post","status-publish","format-standard","has-post-thumbnail","hentry","category-geral"],"views":2255,"_links":{"self":[{"href":"https:\/\/www.sudoestehoje.com.br\/novoportal\/wp-json\/wp\/v2\/posts\/71736","targetHints":{"allow":["GET"]}}],"collection":[{"href":"https:\/\/www.sudoestehoje.com.br\/novoportal\/wp-json\/wp\/v2\/posts"}],"about":[{"href":"https:\/\/www.sudoestehoje.com.br\/novoportal\/wp-json\/wp\/v2\/types\/post"}],"author":[{"embeddable":true,"href":"https:\/\/www.sudoestehoje.com.br\/novoportal\/wp-json\/wp\/v2\/users\/2"}],"replies":[{"embeddable":true,"href":"https:\/\/www.sudoestehoje.com.br\/novoportal\/wp-json\/wp\/v2\/comments?post=71736"}],"version-history":[{"count":3,"href":"https:\/\/www.sudoestehoje.com.br\/novoportal\/wp-json\/wp\/v2\/posts\/71736\/revisions"}],"predecessor-version":[{"id":71741,"href":"https:\/\/www.sudoestehoje.com.br\/novoportal\/wp-json\/wp\/v2\/posts\/71736\/revisions\/71741"}],"wp:featuredmedia":[{"embeddable":true,"href":"https:\/\/www.sudoestehoje.com.br\/novoportal\/wp-json\/wp\/v2\/media\/71737"}],"wp:attachment":[{"href":"https:\/\/www.sudoestehoje.com.br\/novoportal\/wp-json\/wp\/v2\/media?parent=71736"}],"wp:term":[{"taxonomy":"category","embeddable":true,"href":"https:\/\/www.sudoestehoje.com.br\/novoportal\/wp-json\/wp\/v2\/categories?post=71736"},{"taxonomy":"post_tag","embeddable":true,"href":"https:\/\/www.sudoestehoje.com.br\/novoportal\/wp-json\/wp\/v2\/tags?post=71736"}],"curies":[{"name":"wp","href":"https:\/\/api.w.org\/{rel}","templated":true}]}}