
{"id":71731,"date":"2018-04-26T19:29:32","date_gmt":"2018-04-26T22:29:32","guid":{"rendered":"http:\/\/www.sudoestehoje.com.br\/novoportal\/?p=71731"},"modified":"2018-04-26T19:55:34","modified_gmt":"2018-04-26T22:55:34","slug":"banda-de-forro-calcinha-preta-entra-na-grade-do-sao-joao-de-itapetinga","status":"publish","type":"post","link":"https:\/\/www.sudoestehoje.com.br\/novoportal\/2018\/04\/26\/banda-de-forro-calcinha-preta-entra-na-grade-do-sao-joao-de-itapetinga\/","title":{"rendered":"BANDA DE FORR\u00d3 CALCINHA PRETA ENTRA NA GRADE DO S\u00c3O JO\u00c3O DE ITAPETINGA"},"content":{"rendered":"<p><a href=\"http:\/\/www.sudoestehoje.com.br\/novoportal\/wp-content\/uploads\/2018\/04\/calcinha-preta.jpg\"><img loading=\"lazy\" decoding=\"async\" class=\"aligncenter size-medium wp-image-71732\" src=\"http:\/\/www.sudoestehoje.com.br\/novoportal\/wp-content\/uploads\/2018\/04\/calcinha-preta-500x500.jpg\" alt=\"\" width=\"500\" height=\"500\" srcset=\"https:\/\/www.sudoestehoje.com.br\/novoportal\/wp-content\/uploads\/2018\/04\/calcinha-preta-500x500.jpg 500w, https:\/\/www.sudoestehoje.com.br\/novoportal\/wp-content\/uploads\/2018\/04\/calcinha-preta-150x150.jpg 150w, https:\/\/www.sudoestehoje.com.br\/novoportal\/wp-content\/uploads\/2018\/04\/calcinha-preta-768x768.jpg 768w, https:\/\/www.sudoestehoje.com.br\/novoportal\/wp-content\/uploads\/2018\/04\/calcinha-preta-700x700.jpg 700w, https:\/\/www.sudoestehoje.com.br\/novoportal\/wp-content\/uploads\/2018\/04\/calcinha-preta.jpg 960w\" sizes=\"auto, (max-width: 500px) 100vw, 500px\" \/><\/a><\/p>\n<p>Depois de anunciar a prov\u00e1vel contrata\u00e7\u00e3o da dupla sertaneja Cesar Menotti e Juliano para a festa de S\u00e3o Jo\u00e3o no Parque Poliesportivo da Lagoa, entre os dias 21 e 24 de junho, a comiss\u00e3o organizadora dos festejos juninos em Itapetinga anunciou, nesta quinta-feira (26), a contrata\u00e7\u00e3o da consagrada banda de forr\u00f3 CALCINHA PRETA,\u00a0conhecida nacionalmente pelo seu caracter\u00edstico forr\u00f3 rom\u00e2ntico, pelos shows super produzidos, figurinos arrojados e pelas in\u00fameras forma\u00e7\u00f5es que teve ao longo de sua hist\u00f3ria.<\/p>\n<p>De acordo com o prefeito Rodrigo Hagge, a grade do S\u00e3o Jo\u00e3o deste ano dar\u00e1 prioridade ao forr\u00f3, mas ser\u00e1 mesclada de atra\u00e7\u00f5es de outros estilos musicais, para agradar a todas as camadas da popula\u00e7\u00e3o que curte a maior festa popular do munic\u00edpio.<\/p>\n<p><em><strong>Por Davi Ferraz<\/strong><\/em><\/p>\n","protected":false},"excerpt":{"rendered":"<p>Depois de anunciar a prov\u00e1vel contrata\u00e7\u00e3o da dupla sertaneja Cesar Menotti e Juliano para a festa de S\u00e3o Jo\u00e3o no Parque Poliesportivo da Lagoa, entre os dias 21 e 24 de junho, a comiss\u00e3o organizadora dos festejos juninos em Itapetinga anunciou, nesta quinta-feira (26), a contrata\u00e7\u00e3o da consagrada banda de forr\u00f3 CALCINHA PRETA,\u00a0conhecida nacionalmente pelo [&hellip;]<\/p>\n","protected":false},"author":2,"featured_media":71732,"comment_status":"open","ping_status":"open","sticky":false,"template":"","format":"standard","meta":{"footnotes":"","_links_to":"","_links_to_target":""},"categories":[1],"tags":[],"class_list":["post-71731","post","type-post","status-publish","format-standard","has-post-thumbnail","hentry","category-geral"],"views":2396,"_links":{"self":[{"href":"https:\/\/www.sudoestehoje.com.br\/novoportal\/wp-json\/wp\/v2\/posts\/71731","targetHints":{"allow":["GET"]}}],"collection":[{"href":"https:\/\/www.sudoestehoje.com.br\/novoportal\/wp-json\/wp\/v2\/posts"}],"about":[{"href":"https:\/\/www.sudoestehoje.com.br\/novoportal\/wp-json\/wp\/v2\/types\/post"}],"author":[{"embeddable":true,"href":"https:\/\/www.sudoestehoje.com.br\/novoportal\/wp-json\/wp\/v2\/users\/2"}],"replies":[{"embeddable":true,"href":"https:\/\/www.sudoestehoje.com.br\/novoportal\/wp-json\/wp\/v2\/comments?post=71731"}],"version-history":[{"count":3,"href":"https:\/\/www.sudoestehoje.com.br\/novoportal\/wp-json\/wp\/v2\/posts\/71731\/revisions"}],"predecessor-version":[{"id":71735,"href":"https:\/\/www.sudoestehoje.com.br\/novoportal\/wp-json\/wp\/v2\/posts\/71731\/revisions\/71735"}],"wp:featuredmedia":[{"embeddable":true,"href":"https:\/\/www.sudoestehoje.com.br\/novoportal\/wp-json\/wp\/v2\/media\/71732"}],"wp:attachment":[{"href":"https:\/\/www.sudoestehoje.com.br\/novoportal\/wp-json\/wp\/v2\/media?parent=71731"}],"wp:term":[{"taxonomy":"category","embeddable":true,"href":"https:\/\/www.sudoestehoje.com.br\/novoportal\/wp-json\/wp\/v2\/categories?post=71731"},{"taxonomy":"post_tag","embeddable":true,"href":"https:\/\/www.sudoestehoje.com.br\/novoportal\/wp-json\/wp\/v2\/tags?post=71731"}],"curies":[{"name":"wp","href":"https:\/\/api.w.org\/{rel}","templated":true}]}}