
{"id":71675,"date":"2018-04-24T20:23:05","date_gmt":"2018-04-24T23:23:05","guid":{"rendered":"http:\/\/www.sudoestehoje.com.br\/novoportal\/?p=71675"},"modified":"2018-04-24T20:23:05","modified_gmt":"2018-04-24T23:23:05","slug":"segunda-turma-do-stf-julga-habeas-corpus-de-geddel-no-dia-8-de-maio","status":"publish","type":"post","link":"https:\/\/www.sudoestehoje.com.br\/novoportal\/2018\/04\/24\/segunda-turma-do-stf-julga-habeas-corpus-de-geddel-no-dia-8-de-maio\/","title":{"rendered":"SEGUNDA TURMA DO STF JULGA HABEAS CORPUS DE GEDDEL NO DIA 8 DE MAIO"},"content":{"rendered":"<p><a href=\"http:\/\/www.sudoestehoje.com.br\/novoportal\/wp-content\/uploads\/2018\/04\/GEDD.jpg\"><img loading=\"lazy\" decoding=\"async\" class=\"aligncenter size-medium wp-image-71679\" src=\"http:\/\/www.sudoestehoje.com.br\/novoportal\/wp-content\/uploads\/2018\/04\/GEDD-500x244.jpg\" alt=\"\" width=\"500\" height=\"244\" srcset=\"https:\/\/www.sudoestehoje.com.br\/novoportal\/wp-content\/uploads\/2018\/04\/GEDD-500x244.jpg 500w, https:\/\/www.sudoestehoje.com.br\/novoportal\/wp-content\/uploads\/2018\/04\/GEDD.jpg 615w\" sizes=\"auto, (max-width: 500px) 100vw, 500px\" \/><\/a><\/p>\n<p>O habeas corpus solicitado pela defesa de Geddel Vieira Lima (MDB) ser\u00e1 julgado no dia 8 de maio pelo STF, de acordo com a coluna Radar, da Veja.<\/p>\n<p>O ministro Edson Fachin liberou, no \u00faltimo dia 19, a an\u00e1lise da Segunda Turma da Corte o julgamento do recebimento ou n\u00e3o da den\u00fancia apresentada pela PGR contra o ex-ministro, seu irm\u00e3o, L\u00facio Vieira Lima (MDB), al\u00e9m da m\u00e3e dos dois, Marluce Vieira, o empres\u00e1rio Luiz Fernando Machado da Costa Filho e os ex-secret\u00e1rios parlamentares Job Ribeiro Brand\u00e3o e Gustavo Ferraz.<\/p>\n<p>A procuradora-geral da Rep\u00fablica, Raquel Dodge enviou a Fachin uma manifesta\u00e7\u00e3o que reitera para que a Corte aceite a den\u00fancia. A defesa dos acusados tenta impedir esse recebimento.<\/p>\n","protected":false},"excerpt":{"rendered":"<p>O habeas corpus solicitado pela defesa de Geddel Vieira Lima (MDB) ser\u00e1 julgado no dia 8 de maio pelo STF, de acordo com a coluna Radar, da Veja. O ministro Edson Fachin liberou, no \u00faltimo dia 19, a an\u00e1lise da Segunda Turma da Corte o julgamento do recebimento ou n\u00e3o da den\u00fancia apresentada pela PGR [&hellip;]<\/p>\n","protected":false},"author":2,"featured_media":71679,"comment_status":"open","ping_status":"open","sticky":false,"template":"","format":"standard","meta":{"footnotes":"","_links_to":"","_links_to_target":""},"categories":[1],"tags":[],"class_list":["post-71675","post","type-post","status-publish","format-standard","has-post-thumbnail","hentry","category-geral"],"views":1124,"_links":{"self":[{"href":"https:\/\/www.sudoestehoje.com.br\/novoportal\/wp-json\/wp\/v2\/posts\/71675","targetHints":{"allow":["GET"]}}],"collection":[{"href":"https:\/\/www.sudoestehoje.com.br\/novoportal\/wp-json\/wp\/v2\/posts"}],"about":[{"href":"https:\/\/www.sudoestehoje.com.br\/novoportal\/wp-json\/wp\/v2\/types\/post"}],"author":[{"embeddable":true,"href":"https:\/\/www.sudoestehoje.com.br\/novoportal\/wp-json\/wp\/v2\/users\/2"}],"replies":[{"embeddable":true,"href":"https:\/\/www.sudoestehoje.com.br\/novoportal\/wp-json\/wp\/v2\/comments?post=71675"}],"version-history":[{"count":2,"href":"https:\/\/www.sudoestehoje.com.br\/novoportal\/wp-json\/wp\/v2\/posts\/71675\/revisions"}],"predecessor-version":[{"id":71680,"href":"https:\/\/www.sudoestehoje.com.br\/novoportal\/wp-json\/wp\/v2\/posts\/71675\/revisions\/71680"}],"wp:featuredmedia":[{"embeddable":true,"href":"https:\/\/www.sudoestehoje.com.br\/novoportal\/wp-json\/wp\/v2\/media\/71679"}],"wp:attachment":[{"href":"https:\/\/www.sudoestehoje.com.br\/novoportal\/wp-json\/wp\/v2\/media?parent=71675"}],"wp:term":[{"taxonomy":"category","embeddable":true,"href":"https:\/\/www.sudoestehoje.com.br\/novoportal\/wp-json\/wp\/v2\/categories?post=71675"},{"taxonomy":"post_tag","embeddable":true,"href":"https:\/\/www.sudoestehoje.com.br\/novoportal\/wp-json\/wp\/v2\/tags?post=71675"}],"curies":[{"name":"wp","href":"https:\/\/api.w.org\/{rel}","templated":true}]}}