
{"id":71670,"date":"2018-04-24T19:07:14","date_gmt":"2018-04-24T22:07:14","guid":{"rendered":"http:\/\/www.sudoestehoje.com.br\/novoportal\/?p=71670"},"modified":"2018-04-24T19:07:14","modified_gmt":"2018-04-24T22:07:14","slug":"sudoeste-homem-morre-apos-caminhonete-bater-de-frente-com-carreta","status":"publish","type":"post","link":"https:\/\/www.sudoestehoje.com.br\/novoportal\/2018\/04\/24\/sudoeste-homem-morre-apos-caminhonete-bater-de-frente-com-carreta\/","title":{"rendered":"SUDOESTE: HOMEM MORRE AP\u00d3S CAMINHONETE BATER DE FRENTE COM CARRETA"},"content":{"rendered":"<div class=\"mc-column content-text active-extra-styles active-capital-letter\" data-block-type=\"unstyled\" data-block-weight=\"51\" data-block-id=\"2\">\n<p class=\"content-text__container theme-color-primary-first-letter\" data-track-category=\"Link no Texto\" data-track-links=\"\"><a href=\"http:\/\/www.sudoestehoje.com.br\/novoportal\/wp-content\/uploads\/2018\/04\/planaltino.jpg\"><img loading=\"lazy\" decoding=\"async\" class=\"aligncenter size-medium wp-image-71672\" src=\"http:\/\/www.sudoestehoje.com.br\/novoportal\/wp-content\/uploads\/2018\/04\/planaltino-500x313.jpg\" alt=\"\" width=\"500\" height=\"313\" srcset=\"https:\/\/www.sudoestehoje.com.br\/novoportal\/wp-content\/uploads\/2018\/04\/planaltino-500x313.jpg 500w, https:\/\/www.sudoestehoje.com.br\/novoportal\/wp-content\/uploads\/2018\/04\/planaltino.jpg 640w\" sizes=\"auto, (max-width: 500px) 100vw, 500px\" \/><\/a><\/p>\n<p class=\"content-text__container theme-color-primary-first-letter\" data-track-category=\"Link no Texto\" data-track-links=\"\">Um homem de 42 anos morreu ap\u00f3s o carro que dirigia bater em um carreta na BA-026, trecho da cidade de Planaltino, sudoeste da Bahia, na manh\u00e3 desta ter\u00e7a-feira (24). A informa\u00e7\u00e3o foi passada ao\u00a0<strong>G1<\/strong>pela Pol\u00edcia Civil no munic\u00edpio. Com o impacto da batida, o ve\u00edculo pequeno ficou destru\u00eddo.<\/p>\n<\/div>\n<div class=\"mc-column content-text active-extra-styles \" data-block-type=\"unstyled\" data-block-weight=\"52\" data-block-id=\"3\">\n<p class=\"content-text__container \" data-track-category=\"Link no Texto\" data-track-links=\"\">De acordo com a pol\u00edcia, o acidente ocorreu por volta das 6h30, quando a caminhonete saiu de uma estrada vicinal que d\u00e1 acesso \u00e0 rodovia e bateu na lateral da carreta. O condutor da caminhonete ficou preso \u00e0s ferragens e morreu no local do acidente. O motorista da carreta n\u00e3o teve ferimentos.<\/p>\n<p class=\"content-text__container \" data-track-category=\"Link no Texto\" data-track-links=\"\"><a href=\"http:\/\/www.sudoestehoje.com.br\/novoportal\/wp-content\/uploads\/2018\/04\/planaltino.jpg\"><img loading=\"lazy\" decoding=\"async\" class=\"aligncenter size-medium wp-image-71672\" src=\"http:\/\/www.sudoestehoje.com.br\/novoportal\/wp-content\/uploads\/2018\/04\/planaltino-500x313.jpg\" alt=\"\" width=\"500\" height=\"313\" srcset=\"https:\/\/www.sudoestehoje.com.br\/novoportal\/wp-content\/uploads\/2018\/04\/planaltino-500x313.jpg 500w, https:\/\/www.sudoestehoje.com.br\/novoportal\/wp-content\/uploads\/2018\/04\/planaltino.jpg 640w\" sizes=\"auto, (max-width: 500px) 100vw, 500px\" \/><\/a><\/p>\n<\/div>\n<div class=\"mc-column content-text active-extra-styles \" data-block-type=\"unstyled\" data-block-weight=\"38\" data-block-id=\"4\">\n<p class=\"content-text__container \" data-track-category=\"Link no Texto\" data-track-links=\"\">Conforme a pol\u00edcia, o corpo da v\u00edtima foi levado para o Instituto M\u00e9dico Legal (IML) de Jequi\u00e9, onde ser\u00e1 periciado. O caso foi registradao pelas Pol\u00edcias Rodovi\u00e1ria Estadual (PRE) e Civil, que vai apurar as circunst\u00e2ncias do acidente.<\/p>\n<\/div>\n","protected":false},"excerpt":{"rendered":"<p>Um homem de 42 anos morreu ap\u00f3s o carro que dirigia bater em um carreta na BA-026, trecho da cidade de Planaltino, sudoeste da Bahia, na manh\u00e3 desta ter\u00e7a-feira (24). A informa\u00e7\u00e3o foi passada ao\u00a0G1pela Pol\u00edcia Civil no munic\u00edpio. Com o impacto da batida, o ve\u00edculo pequeno ficou destru\u00eddo. De acordo com a pol\u00edcia, o [&hellip;]<\/p>\n","protected":false},"author":2,"featured_media":71672,"comment_status":"open","ping_status":"open","sticky":false,"template":"","format":"standard","meta":{"footnotes":"","_links_to":"","_links_to_target":""},"categories":[1],"tags":[],"class_list":["post-71670","post","type-post","status-publish","format-standard","has-post-thumbnail","hentry","category-geral"],"views":2031,"_links":{"self":[{"href":"https:\/\/www.sudoestehoje.com.br\/novoportal\/wp-json\/wp\/v2\/posts\/71670","targetHints":{"allow":["GET"]}}],"collection":[{"href":"https:\/\/www.sudoestehoje.com.br\/novoportal\/wp-json\/wp\/v2\/posts"}],"about":[{"href":"https:\/\/www.sudoestehoje.com.br\/novoportal\/wp-json\/wp\/v2\/types\/post"}],"author":[{"embeddable":true,"href":"https:\/\/www.sudoestehoje.com.br\/novoportal\/wp-json\/wp\/v2\/users\/2"}],"replies":[{"embeddable":true,"href":"https:\/\/www.sudoestehoje.com.br\/novoportal\/wp-json\/wp\/v2\/comments?post=71670"}],"version-history":[{"count":2,"href":"https:\/\/www.sudoestehoje.com.br\/novoportal\/wp-json\/wp\/v2\/posts\/71670\/revisions"}],"predecessor-version":[{"id":71674,"href":"https:\/\/www.sudoestehoje.com.br\/novoportal\/wp-json\/wp\/v2\/posts\/71670\/revisions\/71674"}],"wp:featuredmedia":[{"embeddable":true,"href":"https:\/\/www.sudoestehoje.com.br\/novoportal\/wp-json\/wp\/v2\/media\/71672"}],"wp:attachment":[{"href":"https:\/\/www.sudoestehoje.com.br\/novoportal\/wp-json\/wp\/v2\/media?parent=71670"}],"wp:term":[{"taxonomy":"category","embeddable":true,"href":"https:\/\/www.sudoestehoje.com.br\/novoportal\/wp-json\/wp\/v2\/categories?post=71670"},{"taxonomy":"post_tag","embeddable":true,"href":"https:\/\/www.sudoestehoje.com.br\/novoportal\/wp-json\/wp\/v2\/tags?post=71670"}],"curies":[{"name":"wp","href":"https:\/\/api.w.org\/{rel}","templated":true}]}}