
{"id":71665,"date":"2018-04-24T16:08:36","date_gmt":"2018-04-24T19:08:36","guid":{"rendered":"http:\/\/www.sudoestehoje.com.br\/novoportal\/?p=71665"},"modified":"2018-04-24T16:08:36","modified_gmt":"2018-04-24T19:08:36","slug":"policia-federal-pede-transferencia-de-lula","status":"publish","type":"post","link":"https:\/\/www.sudoestehoje.com.br\/novoportal\/2018\/04\/24\/policia-federal-pede-transferencia-de-lula\/","title":{"rendered":"POL\u00cdCIA FEDERAL PEDE TRANSFER\u00caNCIA DE LULA"},"content":{"rendered":"<div class=\"filtros-resultado-busca\">\n<div class=\"conteudo_post\">\n<p><a href=\"http:\/\/www.sudoestehoje.com.br\/novoportal\/wp-content\/uploads\/2018\/04\/lula-preso-lidera-corrida-presidencial.jpg\"><img loading=\"lazy\" decoding=\"async\" class=\"aligncenter size-medium wp-image-71666\" src=\"http:\/\/www.sudoestehoje.com.br\/novoportal\/wp-content\/uploads\/2018\/04\/lula-preso-lidera-corrida-presidencial-500x277.jpg\" alt=\"\" width=\"500\" height=\"277\" srcset=\"https:\/\/www.sudoestehoje.com.br\/novoportal\/wp-content\/uploads\/2018\/04\/lula-preso-lidera-corrida-presidencial-500x277.jpg 500w, https:\/\/www.sudoestehoje.com.br\/novoportal\/wp-content\/uploads\/2018\/04\/lula-preso-lidera-corrida-presidencial-768x426.jpg 768w, https:\/\/www.sudoestehoje.com.br\/novoportal\/wp-content\/uploads\/2018\/04\/lula-preso-lidera-corrida-presidencial-700x388.jpg 700w, https:\/\/www.sudoestehoje.com.br\/novoportal\/wp-content\/uploads\/2018\/04\/lula-preso-lidera-corrida-presidencial.jpg 810w\" sizes=\"auto, (max-width: 500px) 100vw, 500px\" \/><\/a><\/p>\n<p>A Pol\u00edcia Federal (PF) enviou um of\u00edcio \u201curgente\u201d \u00e0 ju\u00edza Carolina Lebbos para pedir a transfer\u00eancia do ex-presidente Lula PT), atualmente em uma carceragem em Curitiba. Segundo o \u00f3rg\u00e3o, o custo para manter o petista \u00e9 muito alto: cerca de R$ 300 mil mensais. Em 15 dias de pris\u00e3o, o rombo j\u00e1 teria sido de R$ 150 mil, em gastos com agentes, viagens e deslocamentos.<\/p>\n<p>Segundo a colunista M\u00f4nica Bergamo, da Folha de S.Paulo, os delegados temem poss\u00edveis manifesta\u00e7\u00f5es em apoio a Lula no pr\u00f3ximo 1\u00b0 de maio, Dia do Trabalhador. \u201cTodos os movimentos sociais e de trabalhadores est\u00e3o se organizando para trazer para Curitiba o evento principal do feriado. Em informa\u00e7\u00f5es preliminares fala-se em uma concentra\u00e7\u00e3o de at\u00e9 50 mil pessoas\u201d, diz o of\u00edcio.<\/p>\n<p>Outro argumento \u00e9 a pr\u00f3pria estrutura da cela, chamada de \u201ctransit\u00f3ria\u201d pela Pol\u00edcia Federal. Segundo o texto, o espa\u00e7o n\u00e3o se destina \u201ca execu\u00e7\u00e3o de penas\u201d, nem \u00e0 \u201cperman\u00eancia regular de presos\u201d. A cela onde se encontra o ex-presidente foi \u201cimprovisada\u201d, e seria para resolver a quest\u00e3o \u201capenas por alguns dias\u201d.<\/p>\n<p>No texto, os delegados tamb\u00e9m ponderam os constantes pedidos de visita ao petista, que \u201calteram a rotina do \u00f3rg\u00e3o\u201d, e dificulta ainda mais o cumprimento das normas e gera mais custos.<\/p>\n<\/div>\n<div id=\"div-share\"><\/div>\n<\/div>\n<div class=\"materia-conteudo\">\n<h1><\/h1>\n<h2><\/h2>\n<div class=\"materia\"><\/div>\n<\/div>\n","protected":false},"excerpt":{"rendered":"<p>A Pol\u00edcia Federal (PF) enviou um of\u00edcio \u201curgente\u201d \u00e0 ju\u00edza Carolina Lebbos para pedir a transfer\u00eancia do ex-presidente Lula PT), atualmente em uma carceragem em Curitiba. Segundo o \u00f3rg\u00e3o, o custo para manter o petista \u00e9 muito alto: cerca de R$ 300 mil mensais. Em 15 dias de pris\u00e3o, o rombo j\u00e1 teria sido de [&hellip;]<\/p>\n","protected":false},"author":2,"featured_media":71666,"comment_status":"open","ping_status":"open","sticky":false,"template":"","format":"standard","meta":{"footnotes":"","_links_to":"","_links_to_target":""},"categories":[1],"tags":[],"class_list":["post-71665","post","type-post","status-publish","format-standard","has-post-thumbnail","hentry","category-geral"],"views":1556,"_links":{"self":[{"href":"https:\/\/www.sudoestehoje.com.br\/novoportal\/wp-json\/wp\/v2\/posts\/71665","targetHints":{"allow":["GET"]}}],"collection":[{"href":"https:\/\/www.sudoestehoje.com.br\/novoportal\/wp-json\/wp\/v2\/posts"}],"about":[{"href":"https:\/\/www.sudoestehoje.com.br\/novoportal\/wp-json\/wp\/v2\/types\/post"}],"author":[{"embeddable":true,"href":"https:\/\/www.sudoestehoje.com.br\/novoportal\/wp-json\/wp\/v2\/users\/2"}],"replies":[{"embeddable":true,"href":"https:\/\/www.sudoestehoje.com.br\/novoportal\/wp-json\/wp\/v2\/comments?post=71665"}],"version-history":[{"count":1,"href":"https:\/\/www.sudoestehoje.com.br\/novoportal\/wp-json\/wp\/v2\/posts\/71665\/revisions"}],"predecessor-version":[{"id":71667,"href":"https:\/\/www.sudoestehoje.com.br\/novoportal\/wp-json\/wp\/v2\/posts\/71665\/revisions\/71667"}],"wp:featuredmedia":[{"embeddable":true,"href":"https:\/\/www.sudoestehoje.com.br\/novoportal\/wp-json\/wp\/v2\/media\/71666"}],"wp:attachment":[{"href":"https:\/\/www.sudoestehoje.com.br\/novoportal\/wp-json\/wp\/v2\/media?parent=71665"}],"wp:term":[{"taxonomy":"category","embeddable":true,"href":"https:\/\/www.sudoestehoje.com.br\/novoportal\/wp-json\/wp\/v2\/categories?post=71665"},{"taxonomy":"post_tag","embeddable":true,"href":"https:\/\/www.sudoestehoje.com.br\/novoportal\/wp-json\/wp\/v2\/tags?post=71665"}],"curies":[{"name":"wp","href":"https:\/\/api.w.org\/{rel}","templated":true}]}}