
{"id":71656,"date":"2018-04-24T12:00:46","date_gmt":"2018-04-24T15:00:46","guid":{"rendered":"http:\/\/www.sudoestehoje.com.br\/novoportal\/?p=71656"},"modified":"2018-04-27T20:49:31","modified_gmt":"2018-04-27T23:49:31","slug":"o-estrago-de-acm-neto-outras","status":"publish","type":"post","link":"https:\/\/www.sudoestehoje.com.br\/novoportal\/2018\/04\/24\/o-estrago-de-acm-neto-outras\/","title":{"rendered":"O ESTRAGO DE ACM NETO &#038; OUTRAS"},"content":{"rendered":"<p><a href=\"http:\/\/www.sudoestehoje.com.br\/novoportal\/wp-content\/uploads\/2018\/04\/acm-neto.jpg\"><img loading=\"lazy\" decoding=\"async\" class=\"aligncenter wp-image-71657\" src=\"http:\/\/www.sudoestehoje.com.br\/novoportal\/wp-content\/uploads\/2018\/04\/acm-neto-500x333.jpg\" alt=\"\" width=\"233\" height=\"155\" srcset=\"https:\/\/www.sudoestehoje.com.br\/novoportal\/wp-content\/uploads\/2018\/04\/acm-neto-500x333.jpg 500w, https:\/\/www.sudoestehoje.com.br\/novoportal\/wp-content\/uploads\/2018\/04\/acm-neto-768x512.jpg 768w, https:\/\/www.sudoestehoje.com.br\/novoportal\/wp-content\/uploads\/2018\/04\/acm-neto-700x467.jpg 700w, https:\/\/www.sudoestehoje.com.br\/novoportal\/wp-content\/uploads\/2018\/04\/acm-neto.jpg 1500w\" sizes=\"auto, (max-width: 233px) 100vw, 233px\" \/><\/a>O recuo de ACM Neto causou estrago bem maior do que o previsto. Detonou o Democratas, desarticulou e dividiu as oposi\u00e7\u00f5es e entregou a elei\u00e7\u00e3o de bandeja para Rui Costa. Com Neto enterrado vivo, o PT j\u00e1 comemora a vit\u00f3ria com antecipa\u00e7\u00e3o e prev\u00ea mais 20 anos no poder, com Rui e Wagner se revesando no governo da Bahia. Esse \u00e9 o pre\u00e7o da covardia e do &#8216;rabo preso&#8217;.<\/p>\n<p><strong>OTTO NA OPOSI\u00c7\u00c3O EM 2022<\/strong><\/p>\n<p><a href=\"http:\/\/www.sudoestehoje.com.br\/novoportal\/wp-content\/uploads\/2018\/04\/oto-e-rui.jpg\"><img loading=\"lazy\" decoding=\"async\" class=\"aligncenter wp-image-71658\" src=\"http:\/\/www.sudoestehoje.com.br\/novoportal\/wp-content\/uploads\/2018\/04\/oto-e-rui-500x295.jpg\" alt=\"\" width=\"233\" height=\"138\" srcset=\"https:\/\/www.sudoestehoje.com.br\/novoportal\/wp-content\/uploads\/2018\/04\/oto-e-rui-500x295.jpg 500w, https:\/\/www.sudoestehoje.com.br\/novoportal\/wp-content\/uploads\/2018\/04\/oto-e-rui.jpg 599w\" sizes=\"auto, (max-width: 233px) 100vw, 233px\" \/><\/a><\/p>\n<p>Conhecido como uma esp\u00e9cie de &#8216;trator pol\u00edtico&#8217;, o senador Otto Alencar tem tudo para perder a paci\u00eancia com o PT, que usa a base aliada como bem quer, mas n\u00e3o passa a bola pra ningu\u00e9m. O partido de Otto vai inflar nessas elei\u00e7\u00f5es, e o senador se credenciar\u00e1 para a disputa ao governo em 2022, contra o pr\u00f3prio PT. Rui vai com Wagner e a oposi\u00e7\u00e3o se alia a Otto. Podem escrever&#8230;<\/p>\n<p><strong>DEM DE ITAPETINGA TIROU O CORPO DE BANDA<\/strong><\/p>\n<p><a href=\"http:\/\/www.sudoestehoje.com.br\/novoportal\/wp-content\/uploads\/2018\/04\/rod.jpg\"><img loading=\"lazy\" decoding=\"async\" class=\"aligncenter wp-image-71659\" src=\"http:\/\/www.sudoestehoje.com.br\/novoportal\/wp-content\/uploads\/2018\/04\/rod-500x499.jpg\" alt=\"\" width=\"233\" height=\"232\" srcset=\"https:\/\/www.sudoestehoje.com.br\/novoportal\/wp-content\/uploads\/2018\/04\/rod-500x499.jpg 500w, https:\/\/www.sudoestehoje.com.br\/novoportal\/wp-content\/uploads\/2018\/04\/rod-150x150.jpg 150w, https:\/\/www.sudoestehoje.com.br\/novoportal\/wp-content\/uploads\/2018\/04\/rod-768x767.jpg 768w, https:\/\/www.sudoestehoje.com.br\/novoportal\/wp-content\/uploads\/2018\/04\/rod-700x699.jpg 700w, https:\/\/www.sudoestehoje.com.br\/novoportal\/wp-content\/uploads\/2018\/04\/rod.jpg 960w\" sizes=\"auto, (max-width: 233px) 100vw, 233px\" \/><\/a><\/p>\n<p>Na entrega da usina de asfalto pelo prefeito Rodrigo Hagge e o deputado L\u00facio Vieira Lima, lideran\u00e7as do DEM em Itapetinga tiraram o corpo de banda e n\u00e3o compareceram ao evento. Com exce\u00e7\u00e3o dos vereadores Naara, Anderson, Fabiano Bahia e alguns cabos eleitorais, poucos democratas deram a cara, principalmente os de alto escal\u00e3o no governo municipal. O coment\u00e1rio geral \u00e9 de que o Democratas de Itapetinga, &#8216;aliado&#8217; do MDB, adotou aquela velha m\u00e1xima: &#8220;Juntos, mas n\u00e3o misturados&#8221;. Deixa a caneta do Saru\u00ea comer no birro oitenta, que vai ter &#8216;gabiraba&#8217; comemorando: Aleluia! Aleluia! Aleluia!<\/p>\n<p><strong>AL\u00c9CIO DEBAIXO DO BRA\u00c7O DE ANT\u00d4NIO BRITO E L\u00c9O MATOS<\/strong><\/p>\n<p><a href=\"http:\/\/www.sudoestehoje.com.br\/novoportal\/wp-content\/uploads\/2018\/04\/alecio-brito-leo-1.jpg\"><img loading=\"lazy\" decoding=\"async\" class=\"aligncenter wp-image-71660\" src=\"http:\/\/www.sudoestehoje.com.br\/novoportal\/wp-content\/uploads\/2018\/04\/alecio-brito-leo-1-500x391.jpg\" alt=\"\" width=\"233\" height=\"183\" \/><\/a><\/p>\n<p>N\u00e3o \u00e9 mais segredo pra ningu\u00e9m que Al\u00e9cio Chaves vai ser o candidato do PSD em 2020, com o apoio de L\u00e9o Matos, Ant\u00f4nio Brito e a Funda\u00e7\u00e3o Jos\u00e9 Silveira. Pelo que se comenta, a FJS (Hospital Cristo Redentor) vai lan\u00e7ar 4 funcion\u00e1rios como candidatos a vereador na pr\u00f3xima elei\u00e7\u00e3o: um vereador atual, a mulher dele, a filha de K\u00e1tia Espinheira e Dr. Jos\u00e9 Roberto, ex-vereador. Isto sem falar no pr\u00f3prio L\u00e9o Matos, cotado para a vice de Al\u00e9cio. Mais candidatos do que m\u00e9dicos&#8230;<\/p>\n","protected":false},"excerpt":{"rendered":"<p>O recuo de ACM Neto causou estrago bem maior do que o previsto. Detonou o Democratas, desarticulou e dividiu as oposi\u00e7\u00f5es e entregou a elei\u00e7\u00e3o de bandeja para Rui Costa. Com Neto enterrado vivo, o PT j\u00e1 comemora a vit\u00f3ria com antecipa\u00e7\u00e3o e prev\u00ea mais 20 anos no poder, com Rui e Wagner se revesando [&hellip;]<\/p>\n","protected":false},"author":2,"featured_media":71657,"comment_status":"open","ping_status":"open","sticky":false,"template":"","format":"standard","meta":{"footnotes":"","_links_to":"","_links_to_target":""},"categories":[11],"tags":[],"class_list":["post-71656","post","type-post","status-publish","format-standard","has-post-thumbnail","hentry","category-quentinhas"],"views":1596,"_links":{"self":[{"href":"https:\/\/www.sudoestehoje.com.br\/novoportal\/wp-json\/wp\/v2\/posts\/71656","targetHints":{"allow":["GET"]}}],"collection":[{"href":"https:\/\/www.sudoestehoje.com.br\/novoportal\/wp-json\/wp\/v2\/posts"}],"about":[{"href":"https:\/\/www.sudoestehoje.com.br\/novoportal\/wp-json\/wp\/v2\/types\/post"}],"author":[{"embeddable":true,"href":"https:\/\/www.sudoestehoje.com.br\/novoportal\/wp-json\/wp\/v2\/users\/2"}],"replies":[{"embeddable":true,"href":"https:\/\/www.sudoestehoje.com.br\/novoportal\/wp-json\/wp\/v2\/comments?post=71656"}],"version-history":[{"count":6,"href":"https:\/\/www.sudoestehoje.com.br\/novoportal\/wp-json\/wp\/v2\/posts\/71656\/revisions"}],"predecessor-version":[{"id":71745,"href":"https:\/\/www.sudoestehoje.com.br\/novoportal\/wp-json\/wp\/v2\/posts\/71656\/revisions\/71745"}],"wp:featuredmedia":[{"embeddable":true,"href":"https:\/\/www.sudoestehoje.com.br\/novoportal\/wp-json\/wp\/v2\/media\/71657"}],"wp:attachment":[{"href":"https:\/\/www.sudoestehoje.com.br\/novoportal\/wp-json\/wp\/v2\/media?parent=71656"}],"wp:term":[{"taxonomy":"category","embeddable":true,"href":"https:\/\/www.sudoestehoje.com.br\/novoportal\/wp-json\/wp\/v2\/categories?post=71656"},{"taxonomy":"post_tag","embeddable":true,"href":"https:\/\/www.sudoestehoje.com.br\/novoportal\/wp-json\/wp\/v2\/tags?post=71656"}],"curies":[{"name":"wp","href":"https:\/\/api.w.org\/{rel}","templated":true}]}}