
{"id":71634,"date":"2018-04-23T10:34:27","date_gmt":"2018-04-23T13:34:27","guid":{"rendered":"http:\/\/www.sudoestehoje.com.br\/novoportal\/?p=71634"},"modified":"2018-04-23T10:42:11","modified_gmt":"2018-04-23T13:42:11","slug":"itapetinga-dupla-cesar-menotti-e-fabiano-sera-a-principal-atracao-do-sao-joao-2018","status":"publish","type":"post","link":"https:\/\/www.sudoestehoje.com.br\/novoportal\/2018\/04\/23\/itapetinga-dupla-cesar-menotti-e-fabiano-sera-a-principal-atracao-do-sao-joao-2018\/","title":{"rendered":"ITAPETINGA: DUPLA CESAR MENOTTI E FABIANO SER\u00c1 A PRINCIPAL ATRA\u00c7\u00c3O DO S\u00c3O JO\u00c3O 2018"},"content":{"rendered":"<p><a href=\"http:\/\/www.sudoestehoje.com.br\/novoportal\/wp-content\/uploads\/2018\/04\/faust\u00e3o.jpg\"><img loading=\"lazy\" decoding=\"async\" class=\"aligncenter size-medium wp-image-71636\" src=\"http:\/\/www.sudoestehoje.com.br\/novoportal\/wp-content\/uploads\/2018\/04\/faust\u00e3o-500x281.jpg\" alt=\"\" width=\"500\" height=\"281\" srcset=\"https:\/\/www.sudoestehoje.com.br\/novoportal\/wp-content\/uploads\/2018\/04\/faust\u00e3o-500x281.jpg 500w, https:\/\/www.sudoestehoje.com.br\/novoportal\/wp-content\/uploads\/2018\/04\/faust\u00e3o-768x432.jpg 768w, https:\/\/www.sudoestehoje.com.br\/novoportal\/wp-content\/uploads\/2018\/04\/faust\u00e3o-700x394.jpg 700w, https:\/\/www.sudoestehoje.com.br\/novoportal\/wp-content\/uploads\/2018\/04\/faust\u00e3o.jpg 1280w\" sizes=\"auto, (max-width: 500px) 100vw, 500px\" \/><\/a><\/p>\n<p>Uma das principais festas juninas da regi\u00e3o, o S\u00e3o Jo\u00e3o da Lagoa, em Itapetinga, que ser\u00e1 realizado entre os dias 21 e 24 de junho, ter\u00e1 a sua principal atra\u00e7\u00e3o dever\u00e1 ser anunciada nos pr\u00f3ximos dias, segundo informa\u00e7\u00f5es colhidas pelo Sudoeste Hoje, em primeira m\u00e3o.<\/p>\n<p>Segundo fonte ligada \u00e0 coordena\u00e7\u00e3o do evento, a dupla sertaneja <strong>Cesar Menotti e Fabiano<\/strong> j\u00e1 estaria contratada para animar o evento, que promete ser um dos mais animados do interior do estado.<\/p>\n<p>Com grande prest\u00edgio na m\u00fasica sertaneja e popularidade em alta em todo o Brasil, a dupla se apresentou neste domingo no Doming\u00e3o do Faust\u00e3o, no quadro Ding Dong, animando os telespectadores ligados na Glogo.<\/p>\n<p>A informa\u00e7\u00e3o ainda n\u00e3o \u00e9 oficial, mas a fonte \u00e9 fidedigna e garante que ser\u00e1 anunciada pelo pr\u00f3prio prefeito Rodrigo Hagge, a qualquer momento, juntamente com as outras atra\u00e7\u00f5es de peso que animar\u00e3o os festejos juninos em Itapetinga.<\/p>\n<p>\u00c9 s\u00f3 aguardar.<\/p>\n<p><strong><em>Por Davi Ferraz<\/em><\/strong><\/p>\n","protected":false},"excerpt":{"rendered":"<p>Uma das principais festas juninas da regi\u00e3o, o S\u00e3o Jo\u00e3o da Lagoa, em Itapetinga, que ser\u00e1 realizado entre os dias 21 e 24 de junho, ter\u00e1 a sua principal atra\u00e7\u00e3o dever\u00e1 ser anunciada nos pr\u00f3ximos dias, segundo informa\u00e7\u00f5es colhidas pelo Sudoeste Hoje, em primeira m\u00e3o. Segundo fonte ligada \u00e0 coordena\u00e7\u00e3o do evento, a dupla sertaneja [&hellip;]<\/p>\n","protected":false},"author":2,"featured_media":71636,"comment_status":"open","ping_status":"open","sticky":false,"template":"","format":"standard","meta":{"footnotes":"","_links_to":"","_links_to_target":""},"categories":[1],"tags":[],"class_list":["post-71634","post","type-post","status-publish","format-standard","has-post-thumbnail","hentry","category-geral"],"views":9146,"_links":{"self":[{"href":"https:\/\/www.sudoestehoje.com.br\/novoportal\/wp-json\/wp\/v2\/posts\/71634","targetHints":{"allow":["GET"]}}],"collection":[{"href":"https:\/\/www.sudoestehoje.com.br\/novoportal\/wp-json\/wp\/v2\/posts"}],"about":[{"href":"https:\/\/www.sudoestehoje.com.br\/novoportal\/wp-json\/wp\/v2\/types\/post"}],"author":[{"embeddable":true,"href":"https:\/\/www.sudoestehoje.com.br\/novoportal\/wp-json\/wp\/v2\/users\/2"}],"replies":[{"embeddable":true,"href":"https:\/\/www.sudoestehoje.com.br\/novoportal\/wp-json\/wp\/v2\/comments?post=71634"}],"version-history":[{"count":7,"href":"https:\/\/www.sudoestehoje.com.br\/novoportal\/wp-json\/wp\/v2\/posts\/71634\/revisions"}],"predecessor-version":[{"id":71642,"href":"https:\/\/www.sudoestehoje.com.br\/novoportal\/wp-json\/wp\/v2\/posts\/71634\/revisions\/71642"}],"wp:featuredmedia":[{"embeddable":true,"href":"https:\/\/www.sudoestehoje.com.br\/novoportal\/wp-json\/wp\/v2\/media\/71636"}],"wp:attachment":[{"href":"https:\/\/www.sudoestehoje.com.br\/novoportal\/wp-json\/wp\/v2\/media?parent=71634"}],"wp:term":[{"taxonomy":"category","embeddable":true,"href":"https:\/\/www.sudoestehoje.com.br\/novoportal\/wp-json\/wp\/v2\/categories?post=71634"},{"taxonomy":"post_tag","embeddable":true,"href":"https:\/\/www.sudoestehoje.com.br\/novoportal\/wp-json\/wp\/v2\/tags?post=71634"}],"curies":[{"name":"wp","href":"https:\/\/api.w.org\/{rel}","templated":true}]}}