
{"id":7163,"date":"2011-08-02T08:27:07","date_gmt":"2011-08-02T11:27:07","guid":{"rendered":"http:\/\/www.sudoestehoje.com.br\/novoportal\/?p=7163"},"modified":"2011-08-02T08:27:07","modified_gmt":"2011-08-02T11:27:07","slug":"haroldo-lima-chama-epoca-de-%e2%80%98imprensa-marrom%e2%80%99","status":"publish","type":"post","link":"https:\/\/www.sudoestehoje.com.br\/novoportal\/2011\/08\/02\/haroldo-lima-chama-epoca-de-%e2%80%98imprensa-marrom%e2%80%99\/","title":{"rendered":"HAROLDO LIMA CHAMA \u00c9POCA DE \u2018IMPRENSA MARROM\u2019"},"content":{"rendered":"<p style=\"text-align: center;\"><em><img decoding=\"async\" src=\"http:\/\/www.bahianoticias.com.br\/fotos\/editor\/Image\/380X280\/Haroldo_Lima_mao-de_ferro.jpg\" alt=\"\" \/><br \/>\nHaroldo Lima, diretor da ANP, nega den\u00fancias e chama rep\u00f3rter de &#8216;desqualificado&#8217;<\/em><\/p>\n<p>O diretor da Ag\u00eancia Nacional do Petr\u00f3leo, G\u00e1s Natural e Biocombust\u00edveis (ANP), Haroldo Lima, classificou a revista \u00c9poca, que esta semana encarta em sua capa a reportagem <a href=\"http:\/\/www.bahianoticias.com.br\/noticias\/noticia\/2011\/07\/30\/98695,pcdob-recebia-propinas-da-anp-diz-revista.html\" target=\"_blank\">\u201cAg\u00eancia Nacional da Propina\u201d<\/a>, de \u201cimpressa marrom\u201d. Em entrevista ao Bahia Not\u00edcias, o comunista disse ainda que o jornalista Diego Escosteguy, que assina o texto que descreve um <a href=\"http:\/\/www.bahianoticias.com.br\/noticias\/noticia\/2011\/07\/31\/98771,anp-e-haroldo-lima-denunciados-por-epoca.html\" target=\"_blank\">suposto esquema de corrup\u00e7\u00e3o<\/a>, apontado pela advogada Vanuza Sampaio, de \u201cdesclassificado\u201d. \u201cS\u00e3o falsidades das mais berrantes que se possa imaginar. A \u00c9poca se coloca, com essa mat\u00e9ria, como \u2018imprensa marrom\u2019. O rapaz que assina aquele texto \u00e9 um desqualificado. Veja voc\u00ea que a ess\u00eancia da mat\u00e9ria era o fato de que duas pessoas, que seriam dois assessores da ANP, teriam ganhado R$ 40 mil em cobran\u00e7a de propina, mas essas duas pessoas nunca foram assessores da ANP e nunca sequer trabalharam na ANP. Um \u00e9 um procurador-geral da Rep\u00fablica (Antonio Jos\u00e9 Moreira) e o outro era um estagi\u00e1rio da Procuradoria (Daniel de Carvalho Lima), que depois foi contratado por uma empresa que tinha contrato com a ANP\u201d, relatou. BN<\/p>\n","protected":false},"excerpt":{"rendered":"<p>Haroldo Lima, diretor da ANP, nega den\u00fancias e chama rep\u00f3rter de &#8216;desqualificado&#8217; O diretor da Ag\u00eancia Nacional do Petr\u00f3leo, G\u00e1s Natural e Biocombust\u00edveis (ANP), Haroldo Lima, classificou a revista \u00c9poca, que esta semana encarta em sua capa a reportagem \u201cAg\u00eancia Nacional da Propina\u201d, de \u201cimpressa marrom\u201d. Em entrevista ao Bahia Not\u00edcias, o comunista disse ainda [&hellip;]<\/p>\n","protected":false},"author":2,"featured_media":0,"comment_status":"open","ping_status":"open","sticky":false,"template":"","format":"standard","meta":{"footnotes":"","_links_to":"","_links_to_target":""},"categories":[1],"tags":[],"class_list":["post-7163","post","type-post","status-publish","format-standard","hentry","category-geral"],"views":2580,"_links":{"self":[{"href":"https:\/\/www.sudoestehoje.com.br\/novoportal\/wp-json\/wp\/v2\/posts\/7163","targetHints":{"allow":["GET"]}}],"collection":[{"href":"https:\/\/www.sudoestehoje.com.br\/novoportal\/wp-json\/wp\/v2\/posts"}],"about":[{"href":"https:\/\/www.sudoestehoje.com.br\/novoportal\/wp-json\/wp\/v2\/types\/post"}],"author":[{"embeddable":true,"href":"https:\/\/www.sudoestehoje.com.br\/novoportal\/wp-json\/wp\/v2\/users\/2"}],"replies":[{"embeddable":true,"href":"https:\/\/www.sudoestehoje.com.br\/novoportal\/wp-json\/wp\/v2\/comments?post=7163"}],"version-history":[{"count":3,"href":"https:\/\/www.sudoestehoje.com.br\/novoportal\/wp-json\/wp\/v2\/posts\/7163\/revisions"}],"predecessor-version":[{"id":7166,"href":"https:\/\/www.sudoestehoje.com.br\/novoportal\/wp-json\/wp\/v2\/posts\/7163\/revisions\/7166"}],"wp:attachment":[{"href":"https:\/\/www.sudoestehoje.com.br\/novoportal\/wp-json\/wp\/v2\/media?parent=7163"}],"wp:term":[{"taxonomy":"category","embeddable":true,"href":"https:\/\/www.sudoestehoje.com.br\/novoportal\/wp-json\/wp\/v2\/categories?post=7163"},{"taxonomy":"post_tag","embeddable":true,"href":"https:\/\/www.sudoestehoje.com.br\/novoportal\/wp-json\/wp\/v2\/tags?post=7163"}],"curies":[{"name":"wp","href":"https:\/\/api.w.org\/{rel}","templated":true}]}}