
{"id":71615,"date":"2018-04-22T20:41:09","date_gmt":"2018-04-22T23:41:09","guid":{"rendered":"http:\/\/www.sudoestehoje.com.br\/novoportal\/?p=71615"},"modified":"2018-04-22T23:03:47","modified_gmt":"2018-04-23T02:03:47","slug":"em-nota-antonio-e-edvaldo-brito-negam-que-sejam-investigados-na-lava-jato","status":"publish","type":"post","link":"https:\/\/www.sudoestehoje.com.br\/novoportal\/2018\/04\/22\/em-nota-antonio-e-edvaldo-brito-negam-que-sejam-investigados-na-lava-jato\/","title":{"rendered":"EM NOTA, ANT\u00d4NIO E EDVALDO BRITO NEGAM QUE SEJAM INVESTIGADOS NA LAVA JATO"},"content":{"rendered":"<p><a href=\"http:\/\/www.sudoestehoje.com.br\/novoportal\/wp-content\/uploads\/2018\/04\/Britos-700x445.jpg\"><img loading=\"lazy\" decoding=\"async\" class=\"aligncenter size-medium wp-image-71620\" src=\"http:\/\/www.sudoestehoje.com.br\/novoportal\/wp-content\/uploads\/2018\/04\/Britos-700x445-500x318.jpg\" alt=\"\" width=\"500\" height=\"318\" srcset=\"https:\/\/www.sudoestehoje.com.br\/novoportal\/wp-content\/uploads\/2018\/04\/Britos-700x445-500x318.jpg 500w, https:\/\/www.sudoestehoje.com.br\/novoportal\/wp-content\/uploads\/2018\/04\/Britos-700x445.jpg 700w\" sizes=\"auto, (max-width: 500px) 100vw, 500px\" \/><\/a><\/p>\n<p>De acordo com mat\u00e9ria postada no <em>Bahia Not\u00edcias<\/em>, neste domingo (22), o deputado federal Antonio Brito (PSD) e o vereador Edvaldo Brito (PSD) afirmaram, em nota, que n\u00e3o est\u00e3o sendo investigados na Opera\u00e7\u00e3o Lava Jato ou em qualquer outro processo criminal.<\/p>\n<p><em>\u201cEm 12 de julho de 2017, Edvaldo Brito e Antonio Brito foram exclu\u00eddos da Opera\u00e7\u00e3o Lava Jato por meio de despacho n\u00ba 176141 do ent\u00e3o Procurador Geral, Rodrigo Janot, que, ao analisar o recurso dos parlamentares, entendeu que n\u00e3o ocorreram atos de corrup\u00e7\u00e3o e liga\u00e7\u00e3o com as investiga\u00e7\u00f5es de il\u00edcitos, foco da opera\u00e7\u00e3o\u201d<\/em>, dizem os pol\u00edticos, em nota.<\/p>\n<p>A nota da fam\u00edlia Brito foi emitida ap\u00f3s divulga\u00e7\u00e3o de um levantamento da BBC Brasil, reproduzida pelo BN, listando parlamentares baianos que podem perder o foro privilegiado, caso n\u00e3o se reelejam, podendo os\u00a0seus casos ser enviados a ju\u00edzos de primeira inst\u00e2ncia, entre as quais a 13\u00aa Vara Criminal Federal de Curitiba, onde atua o juiz S\u00e9rgio Moro, respons\u00e1vel por grande parte das condena\u00e7\u00f5es na Lava Jato.<\/p>\n<p>ENTENDA O CASO<\/p>\n<p>Em\u00a0 2017, o\u00a0deputado federal Ant\u00f4nio Brito e o seu pai Edvaldo Brito foram citados na lista do ministro Edson Fachin, relator da Lava Jato no Supremo Tribunal Federal (STF). As den\u00fancias est\u00e3o baseadas nas dela\u00e7\u00f5es de 78 executivos e ex-executivos da Odebrecht, todos com foro privilegiado no STF, acusados de receberem dinheiro de caixa 2.<\/p>\n<p>Na \u00e9poca, Ant\u00f4nio Brito e Edvaldo Brito declararam em nota oficial que receberam a not\u00edcia da autoriza\u00e7\u00e3o para apura\u00e7\u00e3o dos fatos relativos \u00e0 elei\u00e7\u00e3o de 2010 com total serenidade, uma vez que se trata de procedimento legal, no qual ser\u00e1 poss\u00edvel apurar a verdade dos fatos. Destacam, ainda, que as doa\u00e7\u00f5es eleitorais recebidas, relativas a campanha de 2010, foram declaradas e aprovadas nas presta\u00e7\u00f5es de contas ao TSE.<\/p>\n","protected":false},"excerpt":{"rendered":"<p>De acordo com mat\u00e9ria postada no Bahia Not\u00edcias, neste domingo (22), o deputado federal Antonio Brito (PSD) e o vereador Edvaldo Brito (PSD) afirmaram, em nota, que n\u00e3o est\u00e3o sendo investigados na Opera\u00e7\u00e3o Lava Jato ou em qualquer outro processo criminal. \u201cEm 12 de julho de 2017, Edvaldo Brito e Antonio Brito foram exclu\u00eddos da [&hellip;]<\/p>\n","protected":false},"author":2,"featured_media":71620,"comment_status":"open","ping_status":"open","sticky":false,"template":"","format":"standard","meta":{"footnotes":"","_links_to":"","_links_to_target":""},"categories":[1],"tags":[],"class_list":["post-71615","post","type-post","status-publish","format-standard","has-post-thumbnail","hentry","category-geral"],"views":1823,"_links":{"self":[{"href":"https:\/\/www.sudoestehoje.com.br\/novoportal\/wp-json\/wp\/v2\/posts\/71615","targetHints":{"allow":["GET"]}}],"collection":[{"href":"https:\/\/www.sudoestehoje.com.br\/novoportal\/wp-json\/wp\/v2\/posts"}],"about":[{"href":"https:\/\/www.sudoestehoje.com.br\/novoportal\/wp-json\/wp\/v2\/types\/post"}],"author":[{"embeddable":true,"href":"https:\/\/www.sudoestehoje.com.br\/novoportal\/wp-json\/wp\/v2\/users\/2"}],"replies":[{"embeddable":true,"href":"https:\/\/www.sudoestehoje.com.br\/novoportal\/wp-json\/wp\/v2\/comments?post=71615"}],"version-history":[{"count":14,"href":"https:\/\/www.sudoestehoje.com.br\/novoportal\/wp-json\/wp\/v2\/posts\/71615\/revisions"}],"predecessor-version":[{"id":71633,"href":"https:\/\/www.sudoestehoje.com.br\/novoportal\/wp-json\/wp\/v2\/posts\/71615\/revisions\/71633"}],"wp:featuredmedia":[{"embeddable":true,"href":"https:\/\/www.sudoestehoje.com.br\/novoportal\/wp-json\/wp\/v2\/media\/71620"}],"wp:attachment":[{"href":"https:\/\/www.sudoestehoje.com.br\/novoportal\/wp-json\/wp\/v2\/media?parent=71615"}],"wp:term":[{"taxonomy":"category","embeddable":true,"href":"https:\/\/www.sudoestehoje.com.br\/novoportal\/wp-json\/wp\/v2\/categories?post=71615"},{"taxonomy":"post_tag","embeddable":true,"href":"https:\/\/www.sudoestehoje.com.br\/novoportal\/wp-json\/wp\/v2\/tags?post=71615"}],"curies":[{"name":"wp","href":"https:\/\/api.w.org\/{rel}","templated":true}]}}