
{"id":71587,"date":"2018-04-21T00:32:16","date_gmt":"2018-04-21T03:32:16","guid":{"rendered":"http:\/\/www.sudoestehoje.com.br\/novoportal\/?p=71587"},"modified":"2018-04-21T20:17:47","modified_gmt":"2018-04-21T23:17:47","slug":"familia-de-evandro-desmente-falsa-noticia-sobre-internamento-em-abrigo","status":"publish","type":"post","link":"https:\/\/www.sudoestehoje.com.br\/novoportal\/2018\/04\/21\/familia-de-evandro-desmente-falsa-noticia-sobre-internamento-em-abrigo\/","title":{"rendered":"FAM\u00cdLIA DE EVANDRO ANDRADE DESMENTE FALSA NOT\u00cdCIA SOBRE INTERNAMENTO EM ABRIGO"},"content":{"rendered":"<p><a href=\"http:\/\/www.sudoestehoje.com.br\/novoportal\/wp-content\/uploads\/2018\/04\/evandro-andrade-1.jpg\"><img loading=\"lazy\" decoding=\"async\" class=\"aligncenter size-medium wp-image-71598\" src=\"http:\/\/www.sudoestehoje.com.br\/novoportal\/wp-content\/uploads\/2018\/04\/evandro-andrade-1-500x518.jpg\" alt=\"\" width=\"500\" height=\"518\" srcset=\"https:\/\/www.sudoestehoje.com.br\/novoportal\/wp-content\/uploads\/2018\/04\/evandro-andrade-1-500x518.jpg 500w, https:\/\/www.sudoestehoje.com.br\/novoportal\/wp-content\/uploads\/2018\/04\/evandro-andrade-1-768x796.jpg 768w, https:\/\/www.sudoestehoje.com.br\/novoportal\/wp-content\/uploads\/2018\/04\/evandro-andrade-1-700x726.jpg 700w, https:\/\/www.sudoestehoje.com.br\/novoportal\/wp-content\/uploads\/2018\/04\/evandro-andrade-1.jpg 926w\" sizes=\"auto, (max-width: 500px) 100vw, 500px\" \/><\/a><\/p>\n<p><em>&#8220;Com o objetivo de esclarecer not\u00edcias a respeito do ex-prefeito Evandro Oliveira Andrade, seus filhos, Virg\u00ednia Lea, Jorge e Marcelo, v\u00eam a p\u00fablico divulgar a seguinte Nota:<\/em><\/p>\n<p><em>Informamos que, sem nosso conhecimento ou autoriza\u00e7\u00e3o, circulou a informa\u00e7\u00e3o que nosso pai estava sendo encaminhado da sua resid\u00eancia a um abrigo em Itapetinga.<\/em><\/p>\n<p><em>Entretanto, logo que tivemos ci\u00eancia desse fato, intervimos de forma contr\u00e1ria, por ser junto de sua fam\u00edlia, em Salvador, que pode receber mais de perto do carinho que sempre lhe temos dado e do cuidado dos profissionais de sa\u00fade que o acompanham. Portanto, desde o dia 16\/04, nosso pai est\u00e1 residindo na casa de sua filha.<\/em><\/p>\n<p><em>Infelizmente, sua sa\u00fade est\u00e1 bastante debilitada, por conta das enfermidades que o atingiram recentemente, estando incapaz de entender as situa\u00e7\u00f5es que o cercam ou de expressar sua vontade com clareza.<\/em><\/p>\n<p><em>A fam\u00edlia do ex-prefeito Evandro Oliveira Andrade espera que sejam evitados boatos ou not\u00edcias sem fundamento, em respeito a ele, aos incont\u00e1veis amigos que conquistou em toda Itapetinga e \u00e0s boas mem\u00f3rias que proporcionou quando teve a honra de servir ao munic\u00edpio.<\/em><\/p>\n<p><em>Esclarecemos ainda que nossa fam\u00edlia n\u00e3o autoriza pessoa alguma a falar em nome do ex-prefeito, bem como que not\u00edcias falsas ou atos que atentem contra a honra dele e de sua fam\u00edlia ser\u00e3o tratados no Judici\u00e1rio.<\/em><\/p>\n<p><em>Por fim, agradecemos sinceramente \u00e0s manifesta\u00e7\u00f5es de apre\u00e7o dos amigos e esperamos que permane\u00e7am pedindo a Deus por sua recupera\u00e7\u00e3o.\u00a0<\/em>Fam\u00edlia do Ex-Prefeito Evandro Andrade&#8221;.<\/p>\n","protected":false},"excerpt":{"rendered":"<p>&#8220;Com o objetivo de esclarecer not\u00edcias a respeito do ex-prefeito Evandro Oliveira Andrade, seus filhos, Virg\u00ednia Lea, Jorge e Marcelo, v\u00eam a p\u00fablico divulgar a seguinte Nota: Informamos que, sem nosso conhecimento ou autoriza\u00e7\u00e3o, circulou a informa\u00e7\u00e3o que nosso pai estava sendo encaminhado da sua resid\u00eancia a um abrigo em Itapetinga. Entretanto, logo que tivemos [&hellip;]<\/p>\n","protected":false},"author":2,"featured_media":71598,"comment_status":"open","ping_status":"open","sticky":false,"template":"","format":"standard","meta":{"footnotes":"","_links_to":"","_links_to_target":""},"categories":[1],"tags":[],"class_list":["post-71587","post","type-post","status-publish","format-standard","has-post-thumbnail","hentry","category-geral"],"views":2732,"_links":{"self":[{"href":"https:\/\/www.sudoestehoje.com.br\/novoportal\/wp-json\/wp\/v2\/posts\/71587","targetHints":{"allow":["GET"]}}],"collection":[{"href":"https:\/\/www.sudoestehoje.com.br\/novoportal\/wp-json\/wp\/v2\/posts"}],"about":[{"href":"https:\/\/www.sudoestehoje.com.br\/novoportal\/wp-json\/wp\/v2\/types\/post"}],"author":[{"embeddable":true,"href":"https:\/\/www.sudoestehoje.com.br\/novoportal\/wp-json\/wp\/v2\/users\/2"}],"replies":[{"embeddable":true,"href":"https:\/\/www.sudoestehoje.com.br\/novoportal\/wp-json\/wp\/v2\/comments?post=71587"}],"version-history":[{"count":10,"href":"https:\/\/www.sudoestehoje.com.br\/novoportal\/wp-json\/wp\/v2\/posts\/71587\/revisions"}],"predecessor-version":[{"id":71599,"href":"https:\/\/www.sudoestehoje.com.br\/novoportal\/wp-json\/wp\/v2\/posts\/71587\/revisions\/71599"}],"wp:featuredmedia":[{"embeddable":true,"href":"https:\/\/www.sudoestehoje.com.br\/novoportal\/wp-json\/wp\/v2\/media\/71598"}],"wp:attachment":[{"href":"https:\/\/www.sudoestehoje.com.br\/novoportal\/wp-json\/wp\/v2\/media?parent=71587"}],"wp:term":[{"taxonomy":"category","embeddable":true,"href":"https:\/\/www.sudoestehoje.com.br\/novoportal\/wp-json\/wp\/v2\/categories?post=71587"},{"taxonomy":"post_tag","embeddable":true,"href":"https:\/\/www.sudoestehoje.com.br\/novoportal\/wp-json\/wp\/v2\/tags?post=71587"}],"curies":[{"name":"wp","href":"https:\/\/api.w.org\/{rel}","templated":true}]}}