
{"id":71577,"date":"2018-04-19T21:55:05","date_gmt":"2018-04-20T00:55:05","guid":{"rendered":"http:\/\/www.sudoestehoje.com.br\/novoportal\/?p=71577"},"modified":"2018-04-19T21:55:05","modified_gmt":"2018-04-20T00:55:05","slug":"fachin-libera-pedido-de-habeas-corpus-e-stf-deve-julgar-liberdade-de-geddel-em-breve","status":"publish","type":"post","link":"https:\/\/www.sudoestehoje.com.br\/novoportal\/2018\/04\/19\/fachin-libera-pedido-de-habeas-corpus-e-stf-deve-julgar-liberdade-de-geddel-em-breve\/","title":{"rendered":"FACHIN LIBERA PEDIDO DE HABEAS CORPUS E STF DEVE JULGAR LIBERDADE DE GEDDEL EM BREVE"},"content":{"rendered":"<p><a href=\"http:\/\/www.sudoestehoje.com.br\/novoportal\/wp-content\/uploads\/2018\/04\/geddel.jpg\"><img loading=\"lazy\" decoding=\"async\" class=\"aligncenter size-medium wp-image-71578\" src=\"http:\/\/www.sudoestehoje.com.br\/novoportal\/wp-content\/uploads\/2018\/04\/geddel-500x333.jpg\" alt=\"\" width=\"500\" height=\"333\" srcset=\"https:\/\/www.sudoestehoje.com.br\/novoportal\/wp-content\/uploads\/2018\/04\/geddel-500x333.jpg 500w, https:\/\/www.sudoestehoje.com.br\/novoportal\/wp-content\/uploads\/2018\/04\/geddel-768x511.jpg 768w, https:\/\/www.sudoestehoje.com.br\/novoportal\/wp-content\/uploads\/2018\/04\/geddel-700x466.jpg 700w, https:\/\/www.sudoestehoje.com.br\/novoportal\/wp-content\/uploads\/2018\/04\/geddel.jpg 1000w\" sizes=\"auto, (max-width: 500px) 100vw, 500px\" \/><\/a><\/p>\n<p>O Supremo Tribunal Federal (STF) dever\u00e1 votar em breve o pedido de liberdade do ex-ministro Geddel Vieira Lima (PMDB), preso desde setembro do \u00faltimo ano, ap\u00f3s apreens\u00e3o de R$ 51 milh\u00f5es em um Bunker.<\/p>\n<p>De acordo com a coluna Expresso, da revista \u00c9poca, o ministro Edson Fachin liberou para julgamento o pedido de habeas corpus de Geddel. O recurso ser\u00e1 analisado pela Segunda Turma da Corte.<\/p>\n<p>O ex-ministro Geddel, o irm\u00e3o e deputado federal, L\u00facio Vieira Lima (PMDB), a m\u00e3e dos dois peemedebistas, Marluce, dois ex-assessores e um empres\u00e1rio foram denunciados pela Procuradoria-Geral da Rep\u00fablica (PGR) pelos crimes de organiza\u00e7\u00e3o criminosa e lavagem de dinheiro. <em>\/\/Bahia Not\u00edcias<\/em><\/p>\n","protected":false},"excerpt":{"rendered":"<p>O Supremo Tribunal Federal (STF) dever\u00e1 votar em breve o pedido de liberdade do ex-ministro Geddel Vieira Lima (PMDB), preso desde setembro do \u00faltimo ano, ap\u00f3s apreens\u00e3o de R$ 51 milh\u00f5es em um Bunker. De acordo com a coluna Expresso, da revista \u00c9poca, o ministro Edson Fachin liberou para julgamento o pedido de habeas corpus [&hellip;]<\/p>\n","protected":false},"author":2,"featured_media":71578,"comment_status":"open","ping_status":"open","sticky":false,"template":"","format":"standard","meta":{"footnotes":"","_links_to":"","_links_to_target":""},"categories":[1],"tags":[],"class_list":["post-71577","post","type-post","status-publish","format-standard","has-post-thumbnail","hentry","category-geral"],"views":1272,"_links":{"self":[{"href":"https:\/\/www.sudoestehoje.com.br\/novoportal\/wp-json\/wp\/v2\/posts\/71577","targetHints":{"allow":["GET"]}}],"collection":[{"href":"https:\/\/www.sudoestehoje.com.br\/novoportal\/wp-json\/wp\/v2\/posts"}],"about":[{"href":"https:\/\/www.sudoestehoje.com.br\/novoportal\/wp-json\/wp\/v2\/types\/post"}],"author":[{"embeddable":true,"href":"https:\/\/www.sudoestehoje.com.br\/novoportal\/wp-json\/wp\/v2\/users\/2"}],"replies":[{"embeddable":true,"href":"https:\/\/www.sudoestehoje.com.br\/novoportal\/wp-json\/wp\/v2\/comments?post=71577"}],"version-history":[{"count":1,"href":"https:\/\/www.sudoestehoje.com.br\/novoportal\/wp-json\/wp\/v2\/posts\/71577\/revisions"}],"predecessor-version":[{"id":71579,"href":"https:\/\/www.sudoestehoje.com.br\/novoportal\/wp-json\/wp\/v2\/posts\/71577\/revisions\/71579"}],"wp:featuredmedia":[{"embeddable":true,"href":"https:\/\/www.sudoestehoje.com.br\/novoportal\/wp-json\/wp\/v2\/media\/71578"}],"wp:attachment":[{"href":"https:\/\/www.sudoestehoje.com.br\/novoportal\/wp-json\/wp\/v2\/media?parent=71577"}],"wp:term":[{"taxonomy":"category","embeddable":true,"href":"https:\/\/www.sudoestehoje.com.br\/novoportal\/wp-json\/wp\/v2\/categories?post=71577"},{"taxonomy":"post_tag","embeddable":true,"href":"https:\/\/www.sudoestehoje.com.br\/novoportal\/wp-json\/wp\/v2\/tags?post=71577"}],"curies":[{"name":"wp","href":"https:\/\/api.w.org\/{rel}","templated":true}]}}