
{"id":71564,"date":"2018-04-19T20:05:02","date_gmt":"2018-04-19T23:05:02","guid":{"rendered":"http:\/\/www.sudoestehoje.com.br\/novoportal\/?p=71564"},"modified":"2018-04-19T20:10:32","modified_gmt":"2018-04-19T23:10:32","slug":"itapetinga-sessao-especial-da-camara-discute-problemas-e-desafios-da-educacao","status":"publish","type":"post","link":"https:\/\/www.sudoestehoje.com.br\/novoportal\/2018\/04\/19\/itapetinga-sessao-especial-da-camara-discute-problemas-e-desafios-da-educacao\/","title":{"rendered":"ITAPETINGA: SESS\u00c3O ESPECIAL DA C\u00c2MARA DISCUTE PROBLEMAS E DESAFIOS DA EDUCA\u00c7\u00c3O"},"content":{"rendered":"<p><a href=\"http:\/\/www.sudoestehoje.com.br\/novoportal\/wp-content\/uploads\/2018\/04\/ED-1.jpg\"><img loading=\"lazy\" decoding=\"async\" class=\"aligncenter size-medium wp-image-71566\" src=\"http:\/\/www.sudoestehoje.com.br\/novoportal\/wp-content\/uploads\/2018\/04\/ED-1-500x375.jpg\" alt=\"\" width=\"500\" height=\"375\" srcset=\"https:\/\/www.sudoestehoje.com.br\/novoportal\/wp-content\/uploads\/2018\/04\/ED-1-500x375.jpg 500w, https:\/\/www.sudoestehoje.com.br\/novoportal\/wp-content\/uploads\/2018\/04\/ED-1-768x576.jpg 768w, https:\/\/www.sudoestehoje.com.br\/novoportal\/wp-content\/uploads\/2018\/04\/ED-1-700x525.jpg 700w, https:\/\/www.sudoestehoje.com.br\/novoportal\/wp-content\/uploads\/2018\/04\/ED-1.jpg 960w\" sizes=\"auto, (max-width: 500px) 100vw, 500px\" \/><\/a><\/p>\n<p><strong><em>Ascom C\u00e2mara<\/em><\/strong><\/p>\n<p>Para debater os avan\u00e7os e as dificuldades da Rede Municipal de Educa\u00e7\u00e3o, a C\u00e2mara de Vereadores de Itapetinga realizou, nessa quarta-feira (18), uma sess\u00e3o especial com a participa\u00e7\u00e3o do secret\u00e1rio municipal de Educa\u00e7\u00e3o, Geraldo Trindade.<\/p>\n<p><a href=\"http:\/\/www.sudoestehoje.com.br\/novoportal\/wp-content\/uploads\/2018\/04\/ED-3.jpg\"><img loading=\"lazy\" decoding=\"async\" class=\"aligncenter size-medium wp-image-71568\" src=\"http:\/\/www.sudoestehoje.com.br\/novoportal\/wp-content\/uploads\/2018\/04\/ED-3-500x375.jpg\" alt=\"\" width=\"500\" height=\"375\" srcset=\"https:\/\/www.sudoestehoje.com.br\/novoportal\/wp-content\/uploads\/2018\/04\/ED-3-500x375.jpg 500w, https:\/\/www.sudoestehoje.com.br\/novoportal\/wp-content\/uploads\/2018\/04\/ED-3-768x576.jpg 768w, https:\/\/www.sudoestehoje.com.br\/novoportal\/wp-content\/uploads\/2018\/04\/ED-3-700x525.jpg 700w, https:\/\/www.sudoestehoje.com.br\/novoportal\/wp-content\/uploads\/2018\/04\/ED-3.jpg 960w\" sizes=\"auto, (max-width: 500px) 100vw, 500px\" \/><\/a><\/p>\n<p>Proposto pelos vereadores Naara Duarte e Anderson da Nova, ambos do DEM, o evento contou ainda com a presen\u00e7a de professores e representantes do Sindicato\u00a0dos Trabalhadores em Educa\u00e7\u00e3o do Estado da Bahia em Itapetinga (APLB-Sindicato).<a href=\"http:\/\/www.sudoestehoje.com.br\/novoportal\/wp-content\/uploads\/2018\/04\/ED-2.jpg\"><img loading=\"lazy\" decoding=\"async\" class=\"aligncenter size-medium wp-image-71567\" src=\"http:\/\/www.sudoestehoje.com.br\/novoportal\/wp-content\/uploads\/2018\/04\/ED-2-500x375.jpg\" alt=\"\" width=\"500\" height=\"375\" srcset=\"https:\/\/www.sudoestehoje.com.br\/novoportal\/wp-content\/uploads\/2018\/04\/ED-2-500x375.jpg 500w, https:\/\/www.sudoestehoje.com.br\/novoportal\/wp-content\/uploads\/2018\/04\/ED-2-768x576.jpg 768w, https:\/\/www.sudoestehoje.com.br\/novoportal\/wp-content\/uploads\/2018\/04\/ED-2-700x525.jpg 700w, https:\/\/www.sudoestehoje.com.br\/novoportal\/wp-content\/uploads\/2018\/04\/ED-2.jpg 960w\" sizes=\"auto, (max-width: 500px) 100vw, 500px\" \/><\/a><\/p>\n<p>Ao justificar a realiza\u00e7\u00e3o da sess\u00e3o, a vereadora Naara Duarte citou uma frase de Jean Piaget (1896-1980) para destacar a import\u00e2ncia da educa\u00e7\u00e3o na forma\u00e7\u00e3o de cidad\u00e3os conscientes e ativos na sociedade:\u00a0<i>&#8220;A principal meta da Educa\u00e7\u00e3o \u00e9 criar homens que sejam capazes de fazer coisas novas, n\u00e3o simplesmente repetir o que outras gera\u00e7\u00f5es j\u00e1 fizeram. Homens que sejam criadores, inventores, descobridores. A segunda meta da Educa\u00e7\u00e3o \u00e9 formar mentes que estejam em condi\u00e7\u00f5es de criticar, verificar e n\u00e3o aceitar tudo que a elas se prop\u00f5e&#8221;.<\/i><\/p>\n<p><a href=\"http:\/\/www.sudoestehoje.com.br\/novoportal\/wp-content\/uploads\/2018\/04\/ED-4.jpg\"><img loading=\"lazy\" decoding=\"async\" class=\"aligncenter size-medium wp-image-71569\" src=\"http:\/\/www.sudoestehoje.com.br\/novoportal\/wp-content\/uploads\/2018\/04\/ED-4-500x375.jpg\" alt=\"\" width=\"500\" height=\"375\" srcset=\"https:\/\/www.sudoestehoje.com.br\/novoportal\/wp-content\/uploads\/2018\/04\/ED-4-500x375.jpg 500w, https:\/\/www.sudoestehoje.com.br\/novoportal\/wp-content\/uploads\/2018\/04\/ED-4-768x576.jpg 768w, https:\/\/www.sudoestehoje.com.br\/novoportal\/wp-content\/uploads\/2018\/04\/ED-4-700x525.jpg 700w, https:\/\/www.sudoestehoje.com.br\/novoportal\/wp-content\/uploads\/2018\/04\/ED-4.jpg 960w\" sizes=\"auto, (max-width: 500px) 100vw, 500px\" \/><\/a><\/p>\n<p><em><span style=\"color: #0000ff;\"><strong>CONTINUE LENDO &gt;&gt;&gt;&gt;<\/strong><\/span><\/em><!--more--><\/p>\n<p>J\u00e1 o vereador Anderson da Nova citou Nelson Mandela para refor\u00e7ar que educa\u00e7\u00e3o \u00e9 prioridade:\u00a0<em>\u201cA educa\u00e7\u00e3o \u00e9 a arma mais poderosa que voc\u00ea pode usar para mudar o mundo\u201d<\/em>.<\/p>\n<p>O secret\u00e1rio Geraldo Trindade explicou que sugeriu aos vereadores a realiza\u00e7\u00e3o do evento para abordar problemas que afligem a educa\u00e7\u00e3o municipal n\u00e3o s\u00f3 em Itapetinga, mas em todo o pa\u00eds.\u00a0<i>\u201cA<\/i><i>\u00a0educa\u00e7\u00e3o municipal nacional est\u00e1 doente, e n\u00f3s precisamos tomar conhecimento do que acontece com a educa\u00e7\u00e3o, principalmente, nos munic\u00edpios\u201d<\/i>, afirmou.<\/p>\n<p>Geraldo disse que os munic\u00edpios est\u00e3o sobrecarregados.\u00a0<i>\u201cOs estados est\u00e3o saindo e jogando a sobrecarga para os munic\u00edpios\u201d<\/i>, criticou. O secret\u00e1rio falou sobre diversas dificuldades financeiras enfrentadas pela pasta.<\/p>\n<p>Ele informou, por exemplo, que os recursos do Fundo de Manuten\u00e7\u00e3o e Desenvolvimento da Educa\u00e7\u00e3o B\u00e1sica e de Valoriza\u00e7\u00e3o dos Profissionais da Educa\u00e7\u00e3o (Fundeb), cujo repasse mensal em 2018 \u00e9 de R$ 3 milh\u00f5es, est\u00e3o sendo usados basicamente para pagar folha de pagamento de pessoal. J\u00e1 os recursos pr\u00f3prios, que giram em torno de R$ 7 milh\u00f5es a R$ 8 milh\u00f5es, s\u00e3o usados para custear todo o resto das despesas.<\/p>\n<p>Ainda de acordo com Geraldo Trindade, somente neste m\u00eas, a Secretaria teve que destinar R$ 90 mil de recursos pr\u00f3prios para a merenda escolar.\u00a0<i>\u201c\u00c9 uma sobrecarga muito grande para os munic\u00edpios. Tudo que tem que ser feito \u00e9 o munic\u00edpio que tem que fazer, mas quando [o munic\u00edpio] vai buscar o aporte financeiro, quase nunca existe\u201d<\/i>, protestou. Em sua apresenta\u00e7\u00e3o, o secret\u00e1rio tamb\u00e9m garantiu que, apesar dos problemas, a Secretaria buscar\u00e1 uma forma de conceder reajuste salarial aos servidores.<\/p>\n<p>Durante a sess\u00e3o, a plateia teve a oportunidade de se manifestar. \u00a0O diretor da APLB Sindicato, Renan Coelho, falou sobre a luta da categoria pela valoriza\u00e7\u00e3o profissional ao longo dos anos.<em>\u00a0\u201cA luta continua independente de quem est\u00e1 no poder. N\u00f3s estamos lutando porque os trabalhadores neste pa\u00eds e nesta cidade sempre estiveram na luta para que n\u00f3s tiv\u00e9ssemos mais dinheiro para a educa\u00e7\u00e3o\u201d<\/em>, salientou.<\/p>\n","protected":false},"excerpt":{"rendered":"<p>Ascom C\u00e2mara Para debater os avan\u00e7os e as dificuldades da Rede Municipal de Educa\u00e7\u00e3o, a C\u00e2mara de Vereadores de Itapetinga realizou, nessa quarta-feira (18), uma sess\u00e3o especial com a participa\u00e7\u00e3o do secret\u00e1rio municipal de Educa\u00e7\u00e3o, Geraldo Trindade. Proposto pelos vereadores Naara Duarte e Anderson da Nova, ambos do DEM, o evento contou ainda com a [&hellip;]<\/p>\n","protected":false},"author":2,"featured_media":71566,"comment_status":"open","ping_status":"open","sticky":false,"template":"","format":"standard","meta":{"footnotes":"","_links_to":"","_links_to_target":""},"categories":[1],"tags":[],"class_list":["post-71564","post","type-post","status-publish","format-standard","has-post-thumbnail","hentry","category-geral"],"views":1394,"_links":{"self":[{"href":"https:\/\/www.sudoestehoje.com.br\/novoportal\/wp-json\/wp\/v2\/posts\/71564","targetHints":{"allow":["GET"]}}],"collection":[{"href":"https:\/\/www.sudoestehoje.com.br\/novoportal\/wp-json\/wp\/v2\/posts"}],"about":[{"href":"https:\/\/www.sudoestehoje.com.br\/novoportal\/wp-json\/wp\/v2\/types\/post"}],"author":[{"embeddable":true,"href":"https:\/\/www.sudoestehoje.com.br\/novoportal\/wp-json\/wp\/v2\/users\/2"}],"replies":[{"embeddable":true,"href":"https:\/\/www.sudoestehoje.com.br\/novoportal\/wp-json\/wp\/v2\/comments?post=71564"}],"version-history":[{"count":5,"href":"https:\/\/www.sudoestehoje.com.br\/novoportal\/wp-json\/wp\/v2\/posts\/71564\/revisions"}],"predecessor-version":[{"id":71574,"href":"https:\/\/www.sudoestehoje.com.br\/novoportal\/wp-json\/wp\/v2\/posts\/71564\/revisions\/71574"}],"wp:featuredmedia":[{"embeddable":true,"href":"https:\/\/www.sudoestehoje.com.br\/novoportal\/wp-json\/wp\/v2\/media\/71566"}],"wp:attachment":[{"href":"https:\/\/www.sudoestehoje.com.br\/novoportal\/wp-json\/wp\/v2\/media?parent=71564"}],"wp:term":[{"taxonomy":"category","embeddable":true,"href":"https:\/\/www.sudoestehoje.com.br\/novoportal\/wp-json\/wp\/v2\/categories?post=71564"},{"taxonomy":"post_tag","embeddable":true,"href":"https:\/\/www.sudoestehoje.com.br\/novoportal\/wp-json\/wp\/v2\/tags?post=71564"}],"curies":[{"name":"wp","href":"https:\/\/api.w.org\/{rel}","templated":true}]}}