
{"id":71533,"date":"2018-04-17T19:09:57","date_gmt":"2018-04-17T22:09:57","guid":{"rendered":"http:\/\/www.sudoestehoje.com.br\/novoportal\/?p=71533"},"modified":"2018-04-17T19:09:57","modified_gmt":"2018-04-17T22:09:57","slug":"por-unanimidade-stf-aceita-denuncia-contra-aecio-neves-e-tucano-vira-reu","status":"publish","type":"post","link":"https:\/\/www.sudoestehoje.com.br\/novoportal\/2018\/04\/17\/por-unanimidade-stf-aceita-denuncia-contra-aecio-neves-e-tucano-vira-reu\/","title":{"rendered":"POR UNANIMIDADE, STF ACEITA DEN\u00daNCIA CONTRA A\u00c9CIO NEVES E TUCANO VIRA R\u00c9U"},"content":{"rendered":"<p><a href=\"http:\/\/www.sudoestehoje.com.br\/novoportal\/wp-content\/uploads\/2018\/04\/aecio-1.jpg\"><img loading=\"lazy\" decoding=\"async\" class=\"aligncenter size-medium wp-image-71534\" src=\"http:\/\/www.sudoestehoje.com.br\/novoportal\/wp-content\/uploads\/2018\/04\/aecio-1-500x333.jpg\" alt=\"\" width=\"500\" height=\"333\" srcset=\"https:\/\/www.sudoestehoje.com.br\/novoportal\/wp-content\/uploads\/2018\/04\/aecio-1-500x333.jpg 500w, https:\/\/www.sudoestehoje.com.br\/novoportal\/wp-content\/uploads\/2018\/04\/aecio-1.jpg 620w\" sizes=\"auto, (max-width: 500px) 100vw, 500px\" \/><\/a><\/p>\n<p>A Primeira Turma do Supremo Tribunal Federal (STF) decidiu pelo recebimento da den\u00fancia da Procuradoria-Geral da Rep\u00fablica (PGR) contra o senador A\u00e9cio Neves (PSDB-MG) pelos crimes de corrup\u00e7\u00e3o e obstru\u00e7\u00e3o de Justi\u00e7a. As acusa\u00e7\u00f5es fazem parte de um dos inqu\u00e9ritos resultantes da dela\u00e7\u00e3o do empres\u00e1rio Joesley Batista, do grupo J&amp;F. Com a decis\u00e3o, o senador se torna r\u00e9u no processo.<\/p>\n<p>A decis\u00e3o foi tomada com base no voto do ministro Marco Aur\u00e9lio, relator do caso. Para o ministro, o fato de o senador ter sido gravado por Joesley e citar que tentaria influi na nomea\u00e7\u00e3o de delegados da Pol\u00edcia Federal mostra ind\u00edcio dos crimes que teriam sido praticados por ele.<\/p>\n<p>Tamb\u00e9m s\u00e3o alvos da mesma den\u00fancia e tamb\u00e9m se tornar\u00e3o r\u00e9us a irm\u00e3 do senador Andrea Neves, o primo Frederico Pacheco e Mendherson Souza Lima, ex-assessor parlamentar do senador Zez\u00e9 Perrella (PMDB-MG), flagrado com dinheiro vivo. Todos foram acusados de corrup\u00e7\u00e3o passiva.<\/p>\n","protected":false},"excerpt":{"rendered":"<p>A Primeira Turma do Supremo Tribunal Federal (STF) decidiu pelo recebimento da den\u00fancia da Procuradoria-Geral da Rep\u00fablica (PGR) contra o senador A\u00e9cio Neves (PSDB-MG) pelos crimes de corrup\u00e7\u00e3o e obstru\u00e7\u00e3o de Justi\u00e7a. As acusa\u00e7\u00f5es fazem parte de um dos inqu\u00e9ritos resultantes da dela\u00e7\u00e3o do empres\u00e1rio Joesley Batista, do grupo J&amp;F. Com a decis\u00e3o, o senador [&hellip;]<\/p>\n","protected":false},"author":2,"featured_media":71534,"comment_status":"open","ping_status":"open","sticky":false,"template":"","format":"standard","meta":{"footnotes":"","_links_to":"","_links_to_target":""},"categories":[1],"tags":[],"class_list":["post-71533","post","type-post","status-publish","format-standard","has-post-thumbnail","hentry","category-geral"],"views":1266,"_links":{"self":[{"href":"https:\/\/www.sudoestehoje.com.br\/novoportal\/wp-json\/wp\/v2\/posts\/71533","targetHints":{"allow":["GET"]}}],"collection":[{"href":"https:\/\/www.sudoestehoje.com.br\/novoportal\/wp-json\/wp\/v2\/posts"}],"about":[{"href":"https:\/\/www.sudoestehoje.com.br\/novoportal\/wp-json\/wp\/v2\/types\/post"}],"author":[{"embeddable":true,"href":"https:\/\/www.sudoestehoje.com.br\/novoportal\/wp-json\/wp\/v2\/users\/2"}],"replies":[{"embeddable":true,"href":"https:\/\/www.sudoestehoje.com.br\/novoportal\/wp-json\/wp\/v2\/comments?post=71533"}],"version-history":[{"count":1,"href":"https:\/\/www.sudoestehoje.com.br\/novoportal\/wp-json\/wp\/v2\/posts\/71533\/revisions"}],"predecessor-version":[{"id":71535,"href":"https:\/\/www.sudoestehoje.com.br\/novoportal\/wp-json\/wp\/v2\/posts\/71533\/revisions\/71535"}],"wp:featuredmedia":[{"embeddable":true,"href":"https:\/\/www.sudoestehoje.com.br\/novoportal\/wp-json\/wp\/v2\/media\/71534"}],"wp:attachment":[{"href":"https:\/\/www.sudoestehoje.com.br\/novoportal\/wp-json\/wp\/v2\/media?parent=71533"}],"wp:term":[{"taxonomy":"category","embeddable":true,"href":"https:\/\/www.sudoestehoje.com.br\/novoportal\/wp-json\/wp\/v2\/categories?post=71533"},{"taxonomy":"post_tag","embeddable":true,"href":"https:\/\/www.sudoestehoje.com.br\/novoportal\/wp-json\/wp\/v2\/tags?post=71533"}],"curies":[{"name":"wp","href":"https:\/\/api.w.org\/{rel}","templated":true}]}}