
{"id":71524,"date":"2018-04-16T19:37:30","date_gmt":"2018-04-16T22:37:30","guid":{"rendered":"http:\/\/www.sudoestehoje.com.br\/novoportal\/?p=71524"},"modified":"2018-04-16T19:37:30","modified_gmt":"2018-04-16T22:37:30","slug":"corpo-de-medica-desaparecida-e-encontrado-no-espirito-santo-pistas-falsas-trouxeram-a-familia-a-bahia","status":"publish","type":"post","link":"https:\/\/www.sudoestehoje.com.br\/novoportal\/2018\/04\/16\/corpo-de-medica-desaparecida-e-encontrado-no-espirito-santo-pistas-falsas-trouxeram-a-familia-a-bahia\/","title":{"rendered":"CORPO DE M\u00c9DICA DESAPARECIDA \u00c9 ENCONTRADO NO ESP\u00cdRITO SANTO; PISTAS FALSAS TROUXERAM A FAM\u00cdLIA \u00c0 BAHIA"},"content":{"rendered":"<div class=\"mc-column content-text active-extra-styles active-capital-letter\" data-block-type=\"unstyled\" data-block-weight=\"51\" data-block-id=\"2\">\n<p class=\"content-text__container theme-color-primary-first-letter\" data-track-category=\"Link no Texto\" data-track-links=\"\"><a href=\"http:\/\/www.sudoestehoje.com.br\/novoportal\/wp-content\/uploads\/2018\/04\/MEDICA.jpg\"><img loading=\"lazy\" decoding=\"async\" class=\"aligncenter size-medium wp-image-71527\" src=\"http:\/\/www.sudoestehoje.com.br\/novoportal\/wp-content\/uploads\/2018\/04\/MEDICA-500x281.jpg\" alt=\"\" width=\"500\" height=\"281\" srcset=\"https:\/\/www.sudoestehoje.com.br\/novoportal\/wp-content\/uploads\/2018\/04\/MEDICA-500x281.jpg 500w, https:\/\/www.sudoestehoje.com.br\/novoportal\/wp-content\/uploads\/2018\/04\/MEDICA-768x432.jpg 768w, https:\/\/www.sudoestehoje.com.br\/novoportal\/wp-content\/uploads\/2018\/04\/MEDICA-700x393.jpg 700w, https:\/\/www.sudoestehoje.com.br\/novoportal\/wp-content\/uploads\/2018\/04\/MEDICA.jpg 1281w\" sizes=\"auto, (max-width: 500px) 100vw, 500px\" \/><\/a><\/p>\n<p class=\"content-text__container theme-color-primary-first-letter\" data-track-category=\"Link no Texto\" data-track-links=\"\">O corpo encontrado no Rio Jucu em Marechal Floriano, na regi\u00e3o Serrana do Esp\u00edrito Santo, na noite deste domingo (15), \u00e9 da m\u00e9dica Jaqueline Colodetti. A informa\u00e7\u00e3o foi confirmada pela assessoria de imprensa contratada pela fam\u00edlia da cardiologista e depois pela pol\u00edcia. Jaqueline estava desaparecida desde o dia 3 de abril.<\/p>\n<\/div>\n<div class=\"mc-column content-text active-extra-styles \" data-block-type=\"unstyled\" data-block-weight=\"35\" data-block-id=\"3\">\n<p class=\"content-text__container \" data-track-category=\"Link no Texto\" data-track-links=\"\">Segundo a Secretaria de Seguran\u00e7a P\u00fablica do estado (Sesp), o corpo estava pr\u00f3ximo a uma torre de telefonia, vestia cal\u00e7a jeans e um suti\u00e3. Ele foi encaminhado para o Departamento M\u00e9dico Legal (DML) de Vit\u00f3ria.<\/p>\n<\/div>\n<div class=\"mc-column content-text active-extra-styles \" data-block-type=\"unstyled\" data-block-weight=\"36\" data-block-id=\"4\">\n<p class=\"content-text__container \" data-track-category=\"Link no Texto\" data-track-links=\"\">De acordo com a assessoria da fam\u00edlia de Jaqueline, a confirma\u00e7\u00e3o chegou na tarde desta segunda-feira (16). No DML, a identifica\u00e7\u00e3o foi feita a partir da an\u00e1lise da pr\u00f3tese mam\u00e1ria, roupas, aparelho dent\u00e1rio e arcada dent\u00e1ria.<\/p>\n<\/div>\n<div class=\"mc-column content-text active-extra-styles \" data-block-type=\"unstyled\" data-block-weight=\"22\" data-block-id=\"5\">\n<p class=\"content-text__container \" data-track-category=\"Link no Texto\" data-track-links=\"\">A cardiologista\u00a0<a href=\"https:\/\/g1.globo.com\/es\/espirito-santo\/noticia\/medica-desaparece-perto-do-rio-jucu-no-es-e-bombeiros-fazem-buscas.ghtml\">sumiu quando voltava de Santa Leopoldina<\/a>, onde trabalha, para Cariacica, onde mora. Ela tinha 50 anos e deixa tr\u00eas filhos.<\/p>\n<p class=\"content-text__container \" data-track-category=\"Link no Texto\" data-track-links=\"\">As informa\u00e7\u00f5es de que a m\u00e9dica teria sido vista em Po\u00e7\u00f5es e Jaguaquara, na Bahia, eram falsas.<\/p>\n<\/div>\n","protected":false},"excerpt":{"rendered":"<p>O corpo encontrado no Rio Jucu em Marechal Floriano, na regi\u00e3o Serrana do Esp\u00edrito Santo, na noite deste domingo (15), \u00e9 da m\u00e9dica Jaqueline Colodetti. A informa\u00e7\u00e3o foi confirmada pela assessoria de imprensa contratada pela fam\u00edlia da cardiologista e depois pela pol\u00edcia. Jaqueline estava desaparecida desde o dia 3 de abril. Segundo a Secretaria de [&hellip;]<\/p>\n","protected":false},"author":2,"featured_media":71527,"comment_status":"open","ping_status":"open","sticky":false,"template":"","format":"standard","meta":{"footnotes":"","_links_to":"","_links_to_target":""},"categories":[1],"tags":[],"class_list":["post-71524","post","type-post","status-publish","format-standard","has-post-thumbnail","hentry","category-geral"],"views":10585,"_links":{"self":[{"href":"https:\/\/www.sudoestehoje.com.br\/novoportal\/wp-json\/wp\/v2\/posts\/71524","targetHints":{"allow":["GET"]}}],"collection":[{"href":"https:\/\/www.sudoestehoje.com.br\/novoportal\/wp-json\/wp\/v2\/posts"}],"about":[{"href":"https:\/\/www.sudoestehoje.com.br\/novoportal\/wp-json\/wp\/v2\/types\/post"}],"author":[{"embeddable":true,"href":"https:\/\/www.sudoestehoje.com.br\/novoportal\/wp-json\/wp\/v2\/users\/2"}],"replies":[{"embeddable":true,"href":"https:\/\/www.sudoestehoje.com.br\/novoportal\/wp-json\/wp\/v2\/comments?post=71524"}],"version-history":[{"count":3,"href":"https:\/\/www.sudoestehoje.com.br\/novoportal\/wp-json\/wp\/v2\/posts\/71524\/revisions"}],"predecessor-version":[{"id":71528,"href":"https:\/\/www.sudoestehoje.com.br\/novoportal\/wp-json\/wp\/v2\/posts\/71524\/revisions\/71528"}],"wp:featuredmedia":[{"embeddable":true,"href":"https:\/\/www.sudoestehoje.com.br\/novoportal\/wp-json\/wp\/v2\/media\/71527"}],"wp:attachment":[{"href":"https:\/\/www.sudoestehoje.com.br\/novoportal\/wp-json\/wp\/v2\/media?parent=71524"}],"wp:term":[{"taxonomy":"category","embeddable":true,"href":"https:\/\/www.sudoestehoje.com.br\/novoportal\/wp-json\/wp\/v2\/categories?post=71524"},{"taxonomy":"post_tag","embeddable":true,"href":"https:\/\/www.sudoestehoje.com.br\/novoportal\/wp-json\/wp\/v2\/tags?post=71524"}],"curies":[{"name":"wp","href":"https:\/\/api.w.org\/{rel}","templated":true}]}}