
{"id":71517,"date":"2018-04-16T10:18:32","date_gmt":"2018-04-16T13:18:32","guid":{"rendered":"http:\/\/www.sudoestehoje.com.br\/novoportal\/?p=71517"},"modified":"2018-04-16T17:31:27","modified_gmt":"2018-04-16T20:31:27","slug":"alecio-pode-tomar-o-psd-de-alfredo-cabral","status":"publish","type":"post","link":"https:\/\/www.sudoestehoje.com.br\/novoportal\/2018\/04\/16\/alecio-pode-tomar-o-psd-de-alfredo-cabral\/","title":{"rendered":"AL\u00c9CIO PODE TOMAR O PSD DE ALFREDO CABRAL"},"content":{"rendered":"<p><a href=\"http:\/\/www.sudoestehoje.com.br\/novoportal\/wp-content\/uploads\/2018\/04\/al\u00e9cio-3.jpg\"><img loading=\"lazy\" decoding=\"async\" class=\"aligncenter size-medium wp-image-71519\" src=\"http:\/\/www.sudoestehoje.com.br\/novoportal\/wp-content\/uploads\/2018\/04\/al\u00e9cio-3-500x300.jpg\" alt=\"\" width=\"500\" height=\"300\" srcset=\"https:\/\/www.sudoestehoje.com.br\/novoportal\/wp-content\/uploads\/2018\/04\/al\u00e9cio-3-500x300.jpg 500w, https:\/\/www.sudoestehoje.com.br\/novoportal\/wp-content\/uploads\/2018\/04\/al\u00e9cio-3-768x461.jpg 768w, https:\/\/www.sudoestehoje.com.br\/novoportal\/wp-content\/uploads\/2018\/04\/al\u00e9cio-3-700x420.jpg 700w, https:\/\/www.sudoestehoje.com.br\/novoportal\/wp-content\/uploads\/2018\/04\/al\u00e9cio-3.jpg 960w\" sizes=\"auto, (max-width: 500px) 100vw, 500px\" \/><\/a><\/p>\n<p>Corre de boca pequena nos bastidores pol\u00edticos de Itapetinga, que o ex vice-prefeito Al\u00e9cio Chaves, hoje aliado do deputado Ant\u00f4nio Brito, dever\u00e1 assumir o PSD local, numa articula\u00e7\u00e3o junto ao senador Otto Alencar e o grupo de Brito em Itapetinga, afastando o ex-vereador Alfredo Cabral do comando do partido.<\/p>\n<p>Segundo o ex-vereador Alfredo, L\u00e9o Matos e o deputado Ant\u00f4nio Brito lhe propuseram a filia\u00e7\u00e3o em massa dos membros do PR ao PSD, mas que ele teria afirmado que n\u00e3o tomaria qualquer decis\u00e3o sem antes ouvir o senador Otto Alencar, seu l\u00edder pol\u00edtico, e que a sua disposi\u00e7\u00e3o \u00e9 continuar \u00e0 frente do partido, pois tem compromisso com muitas pessoas que lhe depositaram a confian\u00e7a.<\/p>\n<p>Alfredo lembrou que recebeu o PSD totalmente desarticulado, com poucos filiados, e que sob o seu comando o partido foi totalmente reorganizado, elegendo tr\u00eas vereadores na coliga\u00e7\u00e3o e dando mais de 7 mil votos ao seu candidato a prefeito, o pr\u00f3prio Al\u00e9cio Chaves.<\/p>\n<p>AL\u00c9CIO NEGA<\/p>\n<p>Em contato com o blog, Al\u00e9cio Chaves afirmou que n\u00e3o tem, da parte dele, nenhuma articula\u00e7\u00e3o para &#8220;tomar&#8221; de Alfredo Cabral o comando do PSD, pois sempre respeitou o ex-vereador e jamais agiria assim contra ele. Sobre o seu recente apoio \u00e0 candidatura de Ant\u00f4nio Brito e planos pol\u00edticos para 2020, Al\u00e9cio n\u00e3o quis comentar.<\/p>\n<p>Vale lembrar que Al\u00e9cio se afastou do grupo de Alfredo ap\u00f3s as elei\u00e7\u00f5es, sem dar nenhuma satisfa\u00e7\u00e3o, para assumir o cargo de coordenador do NTE-8 (Direc), a convite de Rosemberg Pinto (PT).<\/p>\n<p>Nos meios pol\u00edticos, comenta-se que Al\u00e9cio Chaves pode vir a disputar a prefeitura de Itapetinga, em 2020, com apoio do grupo de Ant\u00f4nio Brito e do PT de Rosemberg.<\/p>\n<p>Tem uma certa l\u00f3gica&#8230;<\/p>\n<p><strong><em>Por Davi Ferraz\u00a0<\/em><\/strong><\/p>\n","protected":false},"excerpt":{"rendered":"<p>Corre de boca pequena nos bastidores pol\u00edticos de Itapetinga, que o ex vice-prefeito Al\u00e9cio Chaves, hoje aliado do deputado Ant\u00f4nio Brito, dever\u00e1 assumir o PSD local, numa articula\u00e7\u00e3o junto ao senador Otto Alencar e o grupo de Brito em Itapetinga, afastando o ex-vereador Alfredo Cabral do comando do partido. Segundo o ex-vereador Alfredo, L\u00e9o Matos [&hellip;]<\/p>\n","protected":false},"author":2,"featured_media":71519,"comment_status":"open","ping_status":"open","sticky":false,"template":"","format":"standard","meta":{"footnotes":"","_links_to":"","_links_to_target":""},"categories":[1],"tags":[],"class_list":["post-71517","post","type-post","status-publish","format-standard","has-post-thumbnail","hentry","category-geral"],"views":1186,"_links":{"self":[{"href":"https:\/\/www.sudoestehoje.com.br\/novoportal\/wp-json\/wp\/v2\/posts\/71517","targetHints":{"allow":["GET"]}}],"collection":[{"href":"https:\/\/www.sudoestehoje.com.br\/novoportal\/wp-json\/wp\/v2\/posts"}],"about":[{"href":"https:\/\/www.sudoestehoje.com.br\/novoportal\/wp-json\/wp\/v2\/types\/post"}],"author":[{"embeddable":true,"href":"https:\/\/www.sudoestehoje.com.br\/novoportal\/wp-json\/wp\/v2\/users\/2"}],"replies":[{"embeddable":true,"href":"https:\/\/www.sudoestehoje.com.br\/novoportal\/wp-json\/wp\/v2\/comments?post=71517"}],"version-history":[{"count":5,"href":"https:\/\/www.sudoestehoje.com.br\/novoportal\/wp-json\/wp\/v2\/posts\/71517\/revisions"}],"predecessor-version":[{"id":71523,"href":"https:\/\/www.sudoestehoje.com.br\/novoportal\/wp-json\/wp\/v2\/posts\/71517\/revisions\/71523"}],"wp:featuredmedia":[{"embeddable":true,"href":"https:\/\/www.sudoestehoje.com.br\/novoportal\/wp-json\/wp\/v2\/media\/71519"}],"wp:attachment":[{"href":"https:\/\/www.sudoestehoje.com.br\/novoportal\/wp-json\/wp\/v2\/media?parent=71517"}],"wp:term":[{"taxonomy":"category","embeddable":true,"href":"https:\/\/www.sudoestehoje.com.br\/novoportal\/wp-json\/wp\/v2\/categories?post=71517"},{"taxonomy":"post_tag","embeddable":true,"href":"https:\/\/www.sudoestehoje.com.br\/novoportal\/wp-json\/wp\/v2\/tags?post=71517"}],"curies":[{"name":"wp","href":"https:\/\/api.w.org\/{rel}","templated":true}]}}