
{"id":71502,"date":"2018-04-15T12:51:27","date_gmt":"2018-04-15T15:51:27","guid":{"rendered":"http:\/\/www.sudoestehoje.com.br\/novoportal\/?p=71502"},"modified":"2018-04-15T12:51:27","modified_gmt":"2018-04-15T15:51:27","slug":"mst-bate-em-retirada-de-curitiba-por-ordem-judicial-e-frio-intenso-veja-video","status":"publish","type":"post","link":"https:\/\/www.sudoestehoje.com.br\/novoportal\/2018\/04\/15\/mst-bate-em-retirada-de-curitiba-por-ordem-judicial-e-frio-intenso-veja-video\/","title":{"rendered":"MST BATE EM RETIRADA DE CURITIBA POR ORDEM JUDICIAL E FRIO INTENSO; VEJA VIDEO"},"content":{"rendered":"<p><a href=\"http:\/\/www.sudoestehoje.com.br\/novoportal\/wp-content\/uploads\/2018\/04\/MST-CURITIBA.jpeg\"><img loading=\"lazy\" decoding=\"async\" class=\"aligncenter size-medium wp-image-71503\" src=\"http:\/\/www.sudoestehoje.com.br\/novoportal\/wp-content\/uploads\/2018\/04\/MST-CURITIBA-500x281.jpeg\" alt=\"\" width=\"500\" height=\"281\" srcset=\"https:\/\/www.sudoestehoje.com.br\/novoportal\/wp-content\/uploads\/2018\/04\/MST-CURITIBA-500x281.jpeg 500w, https:\/\/www.sudoestehoje.com.br\/novoportal\/wp-content\/uploads\/2018\/04\/MST-CURITIBA.jpeg 650w\" sizes=\"auto, (max-width: 500px) 100vw, 500px\" \/><\/a><\/p>\n<p>Os militantes petistas n\u00e3o suportaram o primeiro frio mais intenso de Curitiba.\u00a0Com a baixa na temperatura neste final de semana, in\u00fameras caravanas do MST come\u00e7aram a deixar o acampamento montado em apoio ao ex-presidente Luiz In\u00e1cio Lula da Silva.<\/p>\n<p>Como a previs\u00e3o \u00e9 de temperaturas mais baixas para os pr\u00f3ximos dias, \u00e9 prov\u00e1vel at\u00e9 que cessem as manifesta\u00e7\u00f5es ou, pelo menos, que diminuam bastante o seu ritmo j\u00e1 que quase a totalidade dos manifestantes contratados pelo PT s\u00e3o de regi\u00f5es mais quentes e n\u00e3o s\u00e3o acostumados com as baixas temperaturas da capital paranaense<\/p>\n<p>Acrescente-se a isso, a pesada\u00a0<a href=\"https:\/\/republicadecuritiba.net\/2018\/04\/14\/justica-fixa-multa-de-r500-mil-ao-dia-para-grupos-que-nao-desocuparem-entorno-da-prisao-de-lula-em-curitiba\/\">multa de R$ 500 mil por dia<\/a>, aplicada pela Justi\u00e7a do Paran\u00e1.\u00a0Um al\u00edvio para as pessoas que moram ou trabalham nos arredores.<\/p>\n<p><iframe loading=\"lazy\" title=\"MST bate em retirada devido a frio intenso em Curitiba\" width=\"500\" height=\"375\" src=\"https:\/\/www.youtube.com\/embed\/iroglOmZ3bI?feature=oembed\" frameborder=\"0\" allow=\"accelerometer; autoplay; clipboard-write; encrypted-media; gyroscope; picture-in-picture; web-share\" referrerpolicy=\"strict-origin-when-cross-origin\" allowfullscreen><\/iframe><\/p>\n","protected":false},"excerpt":{"rendered":"<p>Os militantes petistas n\u00e3o suportaram o primeiro frio mais intenso de Curitiba.\u00a0Com a baixa na temperatura neste final de semana, in\u00fameras caravanas do MST come\u00e7aram a deixar o acampamento montado em apoio ao ex-presidente Luiz In\u00e1cio Lula da Silva. Como a previs\u00e3o \u00e9 de temperaturas mais baixas para os pr\u00f3ximos dias, \u00e9 prov\u00e1vel at\u00e9 que [&hellip;]<\/p>\n","protected":false},"author":2,"featured_media":71503,"comment_status":"open","ping_status":"open","sticky":false,"template":"","format":"standard","meta":{"footnotes":"","_links_to":"","_links_to_target":""},"categories":[1],"tags":[],"class_list":["post-71502","post","type-post","status-publish","format-standard","has-post-thumbnail","hentry","category-geral"],"views":1453,"_links":{"self":[{"href":"https:\/\/www.sudoestehoje.com.br\/novoportal\/wp-json\/wp\/v2\/posts\/71502","targetHints":{"allow":["GET"]}}],"collection":[{"href":"https:\/\/www.sudoestehoje.com.br\/novoportal\/wp-json\/wp\/v2\/posts"}],"about":[{"href":"https:\/\/www.sudoestehoje.com.br\/novoportal\/wp-json\/wp\/v2\/types\/post"}],"author":[{"embeddable":true,"href":"https:\/\/www.sudoestehoje.com.br\/novoportal\/wp-json\/wp\/v2\/users\/2"}],"replies":[{"embeddable":true,"href":"https:\/\/www.sudoestehoje.com.br\/novoportal\/wp-json\/wp\/v2\/comments?post=71502"}],"version-history":[{"count":1,"href":"https:\/\/www.sudoestehoje.com.br\/novoportal\/wp-json\/wp\/v2\/posts\/71502\/revisions"}],"predecessor-version":[{"id":71504,"href":"https:\/\/www.sudoestehoje.com.br\/novoportal\/wp-json\/wp\/v2\/posts\/71502\/revisions\/71504"}],"wp:featuredmedia":[{"embeddable":true,"href":"https:\/\/www.sudoestehoje.com.br\/novoportal\/wp-json\/wp\/v2\/media\/71503"}],"wp:attachment":[{"href":"https:\/\/www.sudoestehoje.com.br\/novoportal\/wp-json\/wp\/v2\/media?parent=71502"}],"wp:term":[{"taxonomy":"category","embeddable":true,"href":"https:\/\/www.sudoestehoje.com.br\/novoportal\/wp-json\/wp\/v2\/categories?post=71502"},{"taxonomy":"post_tag","embeddable":true,"href":"https:\/\/www.sudoestehoje.com.br\/novoportal\/wp-json\/wp\/v2\/tags?post=71502"}],"curies":[{"name":"wp","href":"https:\/\/api.w.org\/{rel}","templated":true}]}}