
{"id":71491,"date":"2018-04-14T20:02:36","date_gmt":"2018-04-14T23:02:36","guid":{"rendered":"http:\/\/www.sudoestehoje.com.br\/novoportal\/?p=71491"},"modified":"2018-04-14T20:02:36","modified_gmt":"2018-04-14T23:02:36","slug":"secretaria-da-educacao-convoca-aprovados-em-selecao-reda-em-toda-a-bahia","status":"publish","type":"post","link":"https:\/\/www.sudoestehoje.com.br\/novoportal\/2018\/04\/14\/secretaria-da-educacao-convoca-aprovados-em-selecao-reda-em-toda-a-bahia\/","title":{"rendered":"SECRETARIA DA EDUCA\u00c7\u00c3O CONVOCA APROVADOS EM SELE\u00c7\u00c3O REDA EM TODA A BAHIA"},"content":{"rendered":"<p><a href=\"http:\/\/www.sudoestehoje.com.br\/novoportal\/wp-content\/uploads\/2018\/04\/reda.jpg\"><img loading=\"lazy\" decoding=\"async\" class=\"aligncenter size-medium wp-image-71492\" src=\"http:\/\/www.sudoestehoje.com.br\/novoportal\/wp-content\/uploads\/2018\/04\/reda-500x281.jpg\" alt=\"\" width=\"500\" height=\"281\" srcset=\"https:\/\/www.sudoestehoje.com.br\/novoportal\/wp-content\/uploads\/2018\/04\/reda-500x281.jpg 500w, https:\/\/www.sudoestehoje.com.br\/novoportal\/wp-content\/uploads\/2018\/04\/reda.jpg 540w\" sizes=\"auto, (max-width: 500px) 100vw, 500px\" \/><\/a><\/p>\n<p>A Secretaria da Educa\u00e7\u00e3o do Estado da Bahia est\u00e1 convocando os candidatos aprovados nos processos seletivos realizados, em 2017, pelo Regime Especial de Direito Administrativo (Reda), para professores e profissionais da Educa\u00e7\u00e3o. As convoca\u00e7\u00f5es acontecem mediante publica\u00e7\u00f5es de editais no Di\u00e1rio Oficial do Estado. At\u00e9 o momento, a Secretaria j\u00e1 convocou 5.524 educadores.<\/p>\n<p>A orienta\u00e7\u00e3o \u00e9 para que os aprovados compare\u00e7am, imediatamente, ao N\u00facleo Territorial de Educa\u00e7\u00e3o (NTE) para os quais foram convocados, para os procedimentos necess\u00e1rios \u00e0 contrata\u00e7\u00e3o e encaminhamento \u00e0s unidades escolares que possuem vaga para assumirem suas fun\u00e7\u00f5es. Os editais de convoca\u00e7\u00e3o podem ser conferidos no Portal da Educa\u00e7\u00e3o.<\/p>\n<p>Para ampliar o quadro e investir, ainda mais, na carreira do magist\u00e9rio estadual, a Secretaria realizou o concurso p\u00fablico para 3.760 vagas de professores e coordenadores pedag\u00f3gicos, em 2018, com resultado final a ser divulgado no dia 12 de junho.<\/p>\n","protected":false},"excerpt":{"rendered":"<p>A Secretaria da Educa\u00e7\u00e3o do Estado da Bahia est\u00e1 convocando os candidatos aprovados nos processos seletivos realizados, em 2017, pelo Regime Especial de Direito Administrativo (Reda), para professores e profissionais da Educa\u00e7\u00e3o. As convoca\u00e7\u00f5es acontecem mediante publica\u00e7\u00f5es de editais no Di\u00e1rio Oficial do Estado. At\u00e9 o momento, a Secretaria j\u00e1 convocou 5.524 educadores. A orienta\u00e7\u00e3o [&hellip;]<\/p>\n","protected":false},"author":2,"featured_media":71492,"comment_status":"open","ping_status":"open","sticky":false,"template":"","format":"standard","meta":{"footnotes":"","_links_to":"","_links_to_target":""},"categories":[1],"tags":[],"class_list":["post-71491","post","type-post","status-publish","format-standard","has-post-thumbnail","hentry","category-geral"],"views":1103,"_links":{"self":[{"href":"https:\/\/www.sudoestehoje.com.br\/novoportal\/wp-json\/wp\/v2\/posts\/71491","targetHints":{"allow":["GET"]}}],"collection":[{"href":"https:\/\/www.sudoestehoje.com.br\/novoportal\/wp-json\/wp\/v2\/posts"}],"about":[{"href":"https:\/\/www.sudoestehoje.com.br\/novoportal\/wp-json\/wp\/v2\/types\/post"}],"author":[{"embeddable":true,"href":"https:\/\/www.sudoestehoje.com.br\/novoportal\/wp-json\/wp\/v2\/users\/2"}],"replies":[{"embeddable":true,"href":"https:\/\/www.sudoestehoje.com.br\/novoportal\/wp-json\/wp\/v2\/comments?post=71491"}],"version-history":[{"count":2,"href":"https:\/\/www.sudoestehoje.com.br\/novoportal\/wp-json\/wp\/v2\/posts\/71491\/revisions"}],"predecessor-version":[{"id":71494,"href":"https:\/\/www.sudoestehoje.com.br\/novoportal\/wp-json\/wp\/v2\/posts\/71491\/revisions\/71494"}],"wp:featuredmedia":[{"embeddable":true,"href":"https:\/\/www.sudoestehoje.com.br\/novoportal\/wp-json\/wp\/v2\/media\/71492"}],"wp:attachment":[{"href":"https:\/\/www.sudoestehoje.com.br\/novoportal\/wp-json\/wp\/v2\/media?parent=71491"}],"wp:term":[{"taxonomy":"category","embeddable":true,"href":"https:\/\/www.sudoestehoje.com.br\/novoportal\/wp-json\/wp\/v2\/categories?post=71491"},{"taxonomy":"post_tag","embeddable":true,"href":"https:\/\/www.sudoestehoje.com.br\/novoportal\/wp-json\/wp\/v2\/tags?post=71491"}],"curies":[{"name":"wp","href":"https:\/\/api.w.org\/{rel}","templated":true}]}}