
{"id":71481,"date":"2018-04-13T21:12:03","date_gmt":"2018-04-14T00:12:03","guid":{"rendered":"http:\/\/www.sudoestehoje.com.br\/novoportal\/?p=71481"},"modified":"2018-04-13T21:12:03","modified_gmt":"2018-04-14T00:12:03","slug":"tucanos-entram-na-mira-da-justica-e-vida-de-aecio-vira-um-inferno","status":"publish","type":"post","link":"https:\/\/www.sudoestehoje.com.br\/novoportal\/2018\/04\/13\/tucanos-entram-na-mira-da-justica-e-vida-de-aecio-vira-um-inferno\/","title":{"rendered":"TUCANOS ENTRAM NA MIRA DA JUSTI\u00c7A E VIDA DE A\u00c9CIO VIRA UM INFERNO"},"content":{"rendered":"<p class=\"text-justify\"><a href=\"http:\/\/www.sudoestehoje.com.br\/novoportal\/wp-content\/uploads\/2018\/04\/aecio.jpg\"><img loading=\"lazy\" decoding=\"async\" class=\"aligncenter size-medium wp-image-71482\" src=\"http:\/\/www.sudoestehoje.com.br\/novoportal\/wp-content\/uploads\/2018\/04\/aecio-500x278.jpg\" alt=\"\" width=\"500\" height=\"278\" srcset=\"https:\/\/www.sudoestehoje.com.br\/novoportal\/wp-content\/uploads\/2018\/04\/aecio-500x278.jpg 500w, https:\/\/www.sudoestehoje.com.br\/novoportal\/wp-content\/uploads\/2018\/04\/aecio-768x426.jpg 768w, https:\/\/www.sudoestehoje.com.br\/novoportal\/wp-content\/uploads\/2018\/04\/aecio-700x389.jpg 700w, https:\/\/www.sudoestehoje.com.br\/novoportal\/wp-content\/uploads\/2018\/04\/aecio.jpg 980w\" sizes=\"auto, (max-width: 500px) 100vw, 500px\" \/><\/a><\/p>\n<p class=\"text-justify\">O Minist\u00e9rio P\u00fablico Federal\u00a0em S\u00e3o Paulo pediu \u00e0\u00a0Procuradoria-Geral da Rep\u00fablica\u00a0o envio \u201ccom urg\u00eancia\u201d para primeira inst\u00e2ncia das investiga\u00e7\u00f5es sobre o tucano, que perdeu o foro privilegiado ao renunciar, na sexta-feira, 7, ao cargo de governador para disputar a Presid\u00eancia da Rep\u00fablica na\u00a0elei\u00e7\u00e3o deste ano.<\/p>\n<p class=\"text-justify\">O Governador Alckmin \u00e9 suspeito de receber doa\u00e7\u00f5es il\u00edcitas de campanha da Odebrecht por meio de seu cunhado, Adhemar C\u00e9sar Ribeiro. O inqu\u00e9rito foi aberto a partir das dela\u00e7\u00f5es premiadas dos ex-executivos da empreiteira.<\/p>\n<p class=\"text-justify\">O pesadelo de A\u00e9cio Neves \u00e9 que o Ministro Marco Aur\u00e9lio Mello decidiu incluir na pauta de julgamentos da Primeira Turma do\u00a0<strong>Supremo Tribunal Federal (STF)<\/strong>\u00a0da pr\u00f3xima ter\u00e7a-feira, 17, a den\u00fancia da Procuradoria-Geral da Rep\u00fablica (PGR) contra o senador\u00a0<b>A\u00e9cio Neves<\/b>\u00a0(PSDB-MG) pelos crimes de corrup\u00e7\u00e3o passiva e obstru\u00e7\u00e3o \u00e0 Justi\u00e7a.<\/p>\n<p class=\"text-justify\">A denuncia foi apresentada\u00a0 em junho de 2017, a acusa\u00e7\u00e3o ser\u00e1 analisada pelos cinco ministros do colegiado: Marco Aur\u00e9lio,<b>\u00a0<\/b>Lu\u00eds Roberto Barroso,\u00a0Rosa Weber,\u00a0Alexandre de Moraes\u00a0e\u00a0Luiz Fux \u2013 se a den\u00fancia for aceita, A\u00e9cio vira r\u00e9u.<\/p>\n","protected":false},"excerpt":{"rendered":"<p>O Minist\u00e9rio P\u00fablico Federal\u00a0em S\u00e3o Paulo pediu \u00e0\u00a0Procuradoria-Geral da Rep\u00fablica\u00a0o envio \u201ccom urg\u00eancia\u201d para primeira inst\u00e2ncia das investiga\u00e7\u00f5es sobre o tucano, que perdeu o foro privilegiado ao renunciar, na sexta-feira, 7, ao cargo de governador para disputar a Presid\u00eancia da Rep\u00fablica na\u00a0elei\u00e7\u00e3o deste ano. O Governador Alckmin \u00e9 suspeito de receber doa\u00e7\u00f5es il\u00edcitas de campanha [&hellip;]<\/p>\n","protected":false},"author":2,"featured_media":71482,"comment_status":"open","ping_status":"open","sticky":false,"template":"","format":"standard","meta":{"footnotes":"","_links_to":"","_links_to_target":""},"categories":[1],"tags":[],"class_list":["post-71481","post","type-post","status-publish","format-standard","has-post-thumbnail","hentry","category-geral"],"views":1067,"_links":{"self":[{"href":"https:\/\/www.sudoestehoje.com.br\/novoportal\/wp-json\/wp\/v2\/posts\/71481","targetHints":{"allow":["GET"]}}],"collection":[{"href":"https:\/\/www.sudoestehoje.com.br\/novoportal\/wp-json\/wp\/v2\/posts"}],"about":[{"href":"https:\/\/www.sudoestehoje.com.br\/novoportal\/wp-json\/wp\/v2\/types\/post"}],"author":[{"embeddable":true,"href":"https:\/\/www.sudoestehoje.com.br\/novoportal\/wp-json\/wp\/v2\/users\/2"}],"replies":[{"embeddable":true,"href":"https:\/\/www.sudoestehoje.com.br\/novoportal\/wp-json\/wp\/v2\/comments?post=71481"}],"version-history":[{"count":2,"href":"https:\/\/www.sudoestehoje.com.br\/novoportal\/wp-json\/wp\/v2\/posts\/71481\/revisions"}],"predecessor-version":[{"id":71484,"href":"https:\/\/www.sudoestehoje.com.br\/novoportal\/wp-json\/wp\/v2\/posts\/71481\/revisions\/71484"}],"wp:featuredmedia":[{"embeddable":true,"href":"https:\/\/www.sudoestehoje.com.br\/novoportal\/wp-json\/wp\/v2\/media\/71482"}],"wp:attachment":[{"href":"https:\/\/www.sudoestehoje.com.br\/novoportal\/wp-json\/wp\/v2\/media?parent=71481"}],"wp:term":[{"taxonomy":"category","embeddable":true,"href":"https:\/\/www.sudoestehoje.com.br\/novoportal\/wp-json\/wp\/v2\/categories?post=71481"},{"taxonomy":"post_tag","embeddable":true,"href":"https:\/\/www.sudoestehoje.com.br\/novoportal\/wp-json\/wp\/v2\/tags?post=71481"}],"curies":[{"name":"wp","href":"https:\/\/api.w.org\/{rel}","templated":true}]}}